{"id":1182,"date":"2022-09-21T12:45:46","date_gmt":"2022-09-21T15:45:46","guid":{"rendered":"https:\/\/arpeloficial.com.br\/?p=1182"},"modified":"2022-09-21T12:45:47","modified_gmt":"2022-09-21T15:45:47","slug":"signo-de-libra-estilo-atraves-dos-astros","status":"publish","type":"post","link":"https:\/\/arpeloficial.com.br\/index.php\/2022\/09\/21\/signo-de-libra-estilo-atraves-dos-astros\/","title":{"rendered":"Signo de Libra &#8211; Estilo atrav\u00e9s dos Astros"},"content":{"rendered":"\n<p>Libriana, um fato conhecido que entre todos os signos do zod\u00edaco voc\u00ea \u00e9 a que mais tem bom gosto! Equil\u00edbrio \u00e9 a palavra-chave que voc\u00ea precisa lembrar toda vez que se vestir. Seu guarda-roupa consiste de roupas bem feitas de materiais luxuosos que resistem ao tempo. A mulher libriana possui maestria sobre esse visual refinado.<\/p>\n\n\n\n<div class=\"wp-block-columns is-layout-flex wp-container-core-columns-is-layout-9d6595d7 wp-block-columns-is-layout-flex\">\n<div class=\"wp-block-column is-layout-flow wp-block-column-is-layout-flow\">\n<figure class=\"wp-block-image size-large\"><img loading=\"lazy\" decoding=\"async\" width=\"1024\" height=\"576\" src=\"https:\/\/arpeloficial.com.br\/wp-content\/uploads\/2022\/09\/6-5-1024x576.png\" alt=\"\" class=\"wp-image-1188\" srcset=\"https:\/\/arpeloficial.com.br\/wp-content\/uploads\/2022\/09\/6-5-1024x576.png 1024w, https:\/\/arpeloficial.com.br\/wp-content\/uploads\/2022\/09\/6-5-300x169.png 300w, https:\/\/arpeloficial.com.br\/wp-content\/uploads\/2022\/09\/6-5-768x432.png 768w, https:\/\/arpeloficial.com.br\/wp-content\/uploads\/2022\/09\/6-5-1536x864.png 1536w, https:\/\/arpeloficial.com.br\/wp-content\/uploads\/2022\/09\/6-5-107x60.png 107w, https:\/\/arpeloficial.com.br\/wp-content\/uploads\/2022\/09\/6-5-840x473.png 840w, https:\/\/arpeloficial.com.br\/wp-content\/uploads\/2022\/09\/6-5.png 1920w\" sizes=\"auto, (max-width: 1024px) 100vw, 1024px\" \/><\/figure>\n<\/div>\n<\/div>\n\n\n\n<p>Em vez de gastar seu dinheiro em pe\u00e7as da moda, se at\u00eam aos visuais mais tradicionais.<\/p>\n\n\n\n<p>Ela tem um guarda-roupa repleto de trajes que desafiam os estilos correntes, sem que isso comprometa sua eleg\u00e2ncia. H\u00e1 uma eleg\u00e2ncia atemporal refinada na libriana bem vestida que \u00e9 esteticamente atraente, sejam quais fores as tend\u00eancias prevalecentes.<\/p>\n\n\n\n<div class=\"wp-block-columns is-layout-flex wp-container-core-columns-is-layout-9d6595d7 wp-block-columns-is-layout-flex\">\n<div class=\"wp-block-column is-layout-flow wp-block-column-is-layout-flow\">\n<figure class=\"wp-block-image size-large\"><img loading=\"lazy\" decoding=\"async\" width=\"1024\" height=\"576\" src=\"https:\/\/arpeloficial.com.br\/wp-content\/uploads\/2022\/09\/1-2-1024x576.png\" alt=\"\" class=\"wp-image-1183\" srcset=\"https:\/\/arpeloficial.com.br\/wp-content\/uploads\/2022\/09\/1-2-1024x576.png 1024w, https:\/\/arpeloficial.com.br\/wp-content\/uploads\/2022\/09\/1-2-300x169.png 300w, https:\/\/arpeloficial.com.br\/wp-content\/uploads\/2022\/09\/1-2-768x432.png 768w, https:\/\/arpeloficial.com.br\/wp-content\/uploads\/2022\/09\/1-2-1536x864.png 1536w, https:\/\/arpeloficial.com.br\/wp-content\/uploads\/2022\/09\/1-2-107x60.png 107w, https:\/\/arpeloficial.com.br\/wp-content\/uploads\/2022\/09\/1-2-840x473.png 840w, https:\/\/arpeloficial.com.br\/wp-content\/uploads\/2022\/09\/1-2.png 1920w\" sizes=\"auto, (max-width: 1024px) 100vw, 1024px\" \/><\/figure>\n<\/div>\n<\/div>\n\n\n\n<p>Cores leves combinam com voc\u00ea, como os azuis e verdes claros. Cores com um brilho met\u00e1lico tamb\u00e9m ficam muito bem em voc\u00ea, como o champanhe ou nos tons cinza perolado a atraem.As cores fortes devem ser evitadas a menos que sejam usadas em um esquema monocrom\u00e1tico. Ali\u00e1s usar cor \u00fanica cria um visual equilibrado que define muito bem a libriana.<\/p>\n\n\n\n<div class=\"wp-block-columns is-layout-flex wp-container-core-columns-is-layout-9d6595d7 wp-block-columns-is-layout-flex\">\n<div class=\"wp-block-column is-layout-flow wp-block-column-is-layout-flow\">\n<figure class=\"wp-block-image size-large\"><img loading=\"lazy\" decoding=\"async\" width=\"1024\" height=\"576\" src=\"https:\/\/arpeloficial.com.br\/wp-content\/uploads\/2022\/09\/5-2-1024x576.png\" alt=\"\" class=\"wp-image-1185\" srcset=\"https:\/\/arpeloficial.com.br\/wp-content\/uploads\/2022\/09\/5-2-1024x576.png 1024w, https:\/\/arpeloficial.com.br\/wp-content\/uploads\/2022\/09\/5-2-300x169.png 300w, https:\/\/arpeloficial.com.br\/wp-content\/uploads\/2022\/09\/5-2-768x432.png 768w, https:\/\/arpeloficial.com.br\/wp-content\/uploads\/2022\/09\/5-2-1536x864.png 1536w, https:\/\/arpeloficial.com.br\/wp-content\/uploads\/2022\/09\/5-2-107x60.png 107w, https:\/\/arpeloficial.com.br\/wp-content\/uploads\/2022\/09\/5-2-840x473.png 840w, https:\/\/arpeloficial.com.br\/wp-content\/uploads\/2022\/09\/5-2.png 1920w\" sizes=\"auto, (max-width: 1024px) 100vw, 1024px\" \/><\/figure>\n<\/div>\n<\/div>\n\n\n\n<p>Conjuntos de cal\u00e7a e blazer combinam muito com voc\u00ea. Roupas justas tamb\u00e9m combinam muito com voc\u00ea, mas cuidado para que sejam bem modeladas.<\/p>\n\n\n\n<figure class=\"wp-block-image size-large\"><img loading=\"lazy\" decoding=\"async\" width=\"1024\" height=\"576\" src=\"https:\/\/arpeloficial.com.br\/wp-content\/uploads\/2022\/09\/3-4-1024x576.png\" alt=\"\" class=\"wp-image-1186\" srcset=\"https:\/\/arpeloficial.com.br\/wp-content\/uploads\/2022\/09\/3-4-1024x576.png 1024w, https:\/\/arpeloficial.com.br\/wp-content\/uploads\/2022\/09\/3-4-300x169.png 300w, https:\/\/arpeloficial.com.br\/wp-content\/uploads\/2022\/09\/3-4-768x432.png 768w, https:\/\/arpeloficial.com.br\/wp-content\/uploads\/2022\/09\/3-4-1536x864.png 1536w, https:\/\/arpeloficial.com.br\/wp-content\/uploads\/2022\/09\/3-4-107x60.png 107w, https:\/\/arpeloficial.com.br\/wp-content\/uploads\/2022\/09\/3-4-840x473.png 840w, https:\/\/arpeloficial.com.br\/wp-content\/uploads\/2022\/09\/3-4.png 1920w\" sizes=\"auto, (max-width: 1024px) 100vw, 1024px\" \/><\/figure>\n\n\n\n<p>Tecidos finos ficam melhor em voc\u00ea do que os volumosos. Use rendas intricadas, tecidos bordados, transpar\u00eancia e seda. Qualquer tecido luxuoso atrai sua natureza cl\u00e1ssica.<\/p>\n\n\n\n<div class=\"wp-block-columns is-layout-flex wp-container-core-columns-is-layout-9d6595d7 wp-block-columns-is-layout-flex\">\n<div class=\"wp-block-column is-layout-flow wp-block-column-is-layout-flow\">\n<figure class=\"wp-block-image size-large\"><img loading=\"lazy\" decoding=\"async\" width=\"1024\" height=\"576\" src=\"https:\/\/arpeloficial.com.br\/wp-content\/uploads\/2022\/09\/4-2-1024x576.png\" alt=\"\" class=\"wp-image-1187\" srcset=\"https:\/\/arpeloficial.com.br\/wp-content\/uploads\/2022\/09\/4-2-1024x576.png 1024w, https:\/\/arpeloficial.com.br\/wp-content\/uploads\/2022\/09\/4-2-300x169.png 300w, https:\/\/arpeloficial.com.br\/wp-content\/uploads\/2022\/09\/4-2-768x432.png 768w, https:\/\/arpeloficial.com.br\/wp-content\/uploads\/2022\/09\/4-2-1536x864.png 1536w, https:\/\/arpeloficial.com.br\/wp-content\/uploads\/2022\/09\/4-2-107x60.png 107w, https:\/\/arpeloficial.com.br\/wp-content\/uploads\/2022\/09\/4-2-840x473.png 840w, https:\/\/arpeloficial.com.br\/wp-content\/uploads\/2022\/09\/4-2.png 1920w\" sizes=\"auto, (max-width: 1024px) 100vw, 1024px\" \/><\/figure>\n<\/div>\n<\/div>\n\n\n\n<p>Em oposi\u00e7\u00e3o ao seu lado extremamente feminino, o signo de libra adota poder de usar a ast\u00facia a seu favor. A apar\u00eancia libriana combina muito com escrit\u00f3rio, mas fora do escrit\u00f3rio, seu bom gosto pode torn\u00e1-la atraente e feminina sem ser vulgar.<\/p>\n\n\n\n<div class=\"wp-block-columns is-layout-flex wp-container-core-columns-is-layout-9d6595d7 wp-block-columns-is-layout-flex\">\n<div class=\"wp-block-column is-layout-flow wp-block-column-is-layout-flow\">\n<figure class=\"wp-block-image size-large\"><img loading=\"lazy\" decoding=\"async\" width=\"1024\" height=\"576\" src=\"https:\/\/arpeloficial.com.br\/wp-content\/uploads\/2022\/09\/Sem-nome-1920-\u00d7-1080-px-4-1024x576.png\" alt=\"\" class=\"wp-image-1189\" srcset=\"https:\/\/arpeloficial.com.br\/wp-content\/uploads\/2022\/09\/Sem-nome-1920-\u00d7-1080-px-4-1024x576.png 1024w, https:\/\/arpeloficial.com.br\/wp-content\/uploads\/2022\/09\/Sem-nome-1920-\u00d7-1080-px-4-300x169.png 300w, https:\/\/arpeloficial.com.br\/wp-content\/uploads\/2022\/09\/Sem-nome-1920-\u00d7-1080-px-4-768x432.png 768w, https:\/\/arpeloficial.com.br\/wp-content\/uploads\/2022\/09\/Sem-nome-1920-\u00d7-1080-px-4-1536x864.png 1536w, https:\/\/arpeloficial.com.br\/wp-content\/uploads\/2022\/09\/Sem-nome-1920-\u00d7-1080-px-4-107x60.png 107w, https:\/\/arpeloficial.com.br\/wp-content\/uploads\/2022\/09\/Sem-nome-1920-\u00d7-1080-px-4-840x473.png 840w, https:\/\/arpeloficial.com.br\/wp-content\/uploads\/2022\/09\/Sem-nome-1920-\u00d7-1080-px-4.png 1920w\" sizes=\"auto, (max-width: 1024px) 100vw, 1024px\" \/><\/figure>\n\n\n\n<p>Voc\u00ea se identifica ou conhece alguma libriana?<\/p>\n\n\n\n<p>Semana que vem teremos mais blog para voc\u00ea! At\u00e9 l\u00e1!<\/p>\n\n\n\n<p class=\"has-text-align-center\"><strong>Clique no bot\u00e3o para ser atendida online e garantir sua pe\u00e7a Arpel!<\/strong><\/p>\n\n\n\n<div class=\"wp-block-buttons is-content-justification-center is-layout-flex wp-container-core-buttons-is-layout-16018d1d wp-block-buttons-is-layout-flex\">\n<div class=\"wp-block-button is-style-fill\"><a class=\"wp-block-button__link has-black-color has-text-color has-background\" href=\"https:\/\/api.whatsapp.com\/send\/?phone=553299418650&amp;type=phone_number&amp;app_absent=0\" style=\"background-color:#eab8c4\" target=\"_blank\" rel=\"noreferrer noopener\">Quero ser atendida online<\/a><\/div>\n<\/div>\n<\/div>\n<\/div>\n","protected":false},"excerpt":{"rendered":"<p>Libriana, um fato conhecido que entre todos os signos do zod\u00edaco voc\u00ea \u00e9 a que mais tem bom gosto! Equil\u00edbrio \u00e9 a palavra-chave que voc\u00ea &hellip; <\/p>\n","protected":false},"author":2,"featured_media":1190,"comment_status":"open","ping_status":"open","sticky":false,"template":"","format":"standard","meta":{"footnotes":""},"categories":[90,70,120,42,130],"tags":[10,259,258,7,8,14,15,257,256,9,182],"class_list":["post-1182","post","type-post","status-publish","format-standard","has-post-thumbnail","hentry","category-astrologia","category-guia","category-moda","category-primavera-verao-2022","category-tendencias","tag-colecao-de-verao","tag-libra","tag-libriana","tag-moda","tag-moda-feminina","tag-roupa","tag-roupa-feminina","tag-signodelibra","tag-signoeestilo","tag-tons-vibrantes","tag-tonsnaturais"],"_links":{"self":[{"href":"https:\/\/arpeloficial.com.br\/index.php\/wp-json\/wp\/v2\/posts\/1182","targetHints":{"allow":["GET"]}}],"collection":[{"href":"https:\/\/arpeloficial.com.br\/index.php\/wp-json\/wp\/v2\/posts"}],"about":[{"href":"https:\/\/arpeloficial.com.br\/index.php\/wp-json\/wp\/v2\/types\/post"}],"author":[{"embeddable":true,"href":"https:\/\/arpeloficial.com.br\/index.php\/wp-json\/wp\/v2\/users\/2"}],"replies":[{"embeddable":true,"href":"https:\/\/arpeloficial.com.br\/index.php\/wp-json\/wp\/v2\/comments?post=1182"}],"version-history":[{"count":1,"href":"https:\/\/arpeloficial.com.br\/index.php\/wp-json\/wp\/v2\/posts\/1182\/revisions"}],"predecessor-version":[{"id":1191,"href":"https:\/\/arpeloficial.com.br\/index.php\/wp-json\/wp\/v2\/posts\/1182\/revisions\/1191"}],"wp:featuredmedia":[{"embeddable":true,"href":"https:\/\/arpeloficial.com.br\/index.php\/wp-json\/wp\/v2\/media\/1190"}],"wp:attachment":[{"href":"https:\/\/arpeloficial.com.br\/index.php\/wp-json\/wp\/v2\/media?parent=1182"}],"wp:term":[{"taxonomy":"category","embeddable":true,"href":"https:\/\/arpeloficial.com.br\/index.php\/wp-json\/wp\/v2\/categories?post=1182"},{"taxonomy":"post_tag","embeddable":true,"href":"https:\/\/arpeloficial.com.br\/index.php\/wp-json\/wp\/v2\/tags?post=1182"}],"curies":[{"name":"wp","href":"https:\/\/api.w.org\/{rel}","templated":true}]}}