{"id":1210,"date":"2022-10-05T10:44:35","date_gmt":"2022-10-05T13:44:35","guid":{"rendered":"https:\/\/arpeloficial.com.br\/?p=1210"},"modified":"2022-10-05T12:21:08","modified_gmt":"2022-10-05T15:21:08","slug":"baguette-a-tendencia-que-voltou-com-tudo","status":"publish","type":"post","link":"https:\/\/arpeloficial.com.br\/index.php\/2022\/10\/05\/baguette-a-tendencia-que-voltou-com-tudo\/","title":{"rendered":"Baguette: a tend\u00eancia que voltou com tudo"},"content":{"rendered":"\n<p>A bolsa baguete ou baguette completa 25 anos neste ano e voltou com tudo sendo uma das tend\u00eancias mais cobi\u00e7adas no s\u00e9culo XXI. Conhe\u00e7a esse modelo e arrase na primavera\/ver\u00e3o!<\/p>\n\n\n\n<p>A Baguete foi criada em 1997 por Silvia Venturini, neta da fundadora da Casa Fendi, e se tornou a queridinha nos anos 90 e 2000 e possui esse nome pela forma de carreg\u00e1-la embaixo do bra\u00e7o, que \u00e9 a mesma forma dos franceses levarem o p\u00e3o baguete.<\/p>\n\n\n\n<div class=\"wp-block-columns is-layout-flex wp-container-core-columns-is-layout-9d6595d7 wp-block-columns-is-layout-flex\">\n<div class=\"wp-block-column is-layout-flow wp-block-column-is-layout-flow\">\n<figure class=\"wp-block-image size-large\"><img loading=\"lazy\" decoding=\"async\" width=\"1024\" height=\"576\" src=\"https:\/\/arpeloficial.com.br\/wp-content\/uploads\/2022\/10\/1-1024x576.png\" alt=\"\" class=\"wp-image-1211\" srcset=\"https:\/\/arpeloficial.com.br\/wp-content\/uploads\/2022\/10\/1-1024x576.png 1024w, https:\/\/arpeloficial.com.br\/wp-content\/uploads\/2022\/10\/1-300x169.png 300w, https:\/\/arpeloficial.com.br\/wp-content\/uploads\/2022\/10\/1-768x432.png 768w, https:\/\/arpeloficial.com.br\/wp-content\/uploads\/2022\/10\/1-1536x864.png 1536w, https:\/\/arpeloficial.com.br\/wp-content\/uploads\/2022\/10\/1-107x60.png 107w, https:\/\/arpeloficial.com.br\/wp-content\/uploads\/2022\/10\/1-840x473.png 840w, https:\/\/arpeloficial.com.br\/wp-content\/uploads\/2022\/10\/1.png 1920w\" sizes=\"auto, (max-width: 1024px) 100vw, 1024px\" \/><\/figure>\n<\/div>\n<\/div>\n\n\n\n<p>Ap\u00f3s dois anos, o modelo se tornou uma das bolsas mais vendidas do mundo, trazendo posteriormente outras estampas, bordados, varia\u00e7\u00f5es de acabamento, al\u00e7a de m\u00e3o e muito mais!<\/p>\n\n\n\n<div class=\"wp-block-columns is-layout-flex wp-container-core-columns-is-layout-9d6595d7 wp-block-columns-is-layout-flex\">\n<div class=\"wp-block-column is-layout-flow wp-block-column-is-layout-flow\">\n<figure class=\"wp-block-image size-large\"><img loading=\"lazy\" decoding=\"async\" width=\"1024\" height=\"576\" src=\"https:\/\/arpeloficial.com.br\/wp-content\/uploads\/2022\/10\/2-1024x576.png\" alt=\"\" class=\"wp-image-1212\" srcset=\"https:\/\/arpeloficial.com.br\/wp-content\/uploads\/2022\/10\/2-1024x576.png 1024w, https:\/\/arpeloficial.com.br\/wp-content\/uploads\/2022\/10\/2-300x169.png 300w, https:\/\/arpeloficial.com.br\/wp-content\/uploads\/2022\/10\/2-768x432.png 768w, https:\/\/arpeloficial.com.br\/wp-content\/uploads\/2022\/10\/2-1536x864.png 1536w, https:\/\/arpeloficial.com.br\/wp-content\/uploads\/2022\/10\/2-107x60.png 107w, https:\/\/arpeloficial.com.br\/wp-content\/uploads\/2022\/10\/2-840x473.png 840w, https:\/\/arpeloficial.com.br\/wp-content\/uploads\/2022\/10\/2.png 1920w\" sizes=\"auto, (max-width: 1024px) 100vw, 1024px\" \/><\/figure>\n<\/div>\n<\/div>\n\n\n\n<p>As baguettes mini foram criadas em 2015 e as bolsas em estilo chaveiro tamb\u00e9m fizeram grande sucesso na \u00e9poca.&nbsp;<\/p>\n\n\n\n<div class=\"wp-block-columns is-layout-flex wp-container-core-columns-is-layout-9d6595d7 wp-block-columns-is-layout-flex\">\n<div class=\"wp-block-column is-layout-flow wp-block-column-is-layout-flow\">\n<figure class=\"wp-block-image size-large\"><img loading=\"lazy\" decoding=\"async\" width=\"1024\" height=\"576\" src=\"https:\/\/arpeloficial.com.br\/wp-content\/uploads\/2022\/10\/vestidos-blog-2-1024x576.png\" alt=\"\" class=\"wp-image-1217\" srcset=\"https:\/\/arpeloficial.com.br\/wp-content\/uploads\/2022\/10\/vestidos-blog-2-1024x576.png 1024w, https:\/\/arpeloficial.com.br\/wp-content\/uploads\/2022\/10\/vestidos-blog-2-300x169.png 300w, https:\/\/arpeloficial.com.br\/wp-content\/uploads\/2022\/10\/vestidos-blog-2-768x432.png 768w, https:\/\/arpeloficial.com.br\/wp-content\/uploads\/2022\/10\/vestidos-blog-2-1536x864.png 1536w, https:\/\/arpeloficial.com.br\/wp-content\/uploads\/2022\/10\/vestidos-blog-2-107x60.png 107w, https:\/\/arpeloficial.com.br\/wp-content\/uploads\/2022\/10\/vestidos-blog-2-840x473.png 840w, https:\/\/arpeloficial.com.br\/wp-content\/uploads\/2022\/10\/vestidos-blog-2.png 1920w\" sizes=\"auto, (max-width: 1024px) 100vw, 1024px\" \/><\/figure>\n<\/div>\n<\/div>\n\n\n\n<p>J\u00e1 em 2016, foi a vez da micro double baguette, um formato de duas bolsas em uma s\u00f3, al\u00e9m da al\u00e7a remov\u00edvel.<\/p>\n\n\n\n<div class=\"wp-block-columns is-layout-flex wp-container-core-columns-is-layout-9d6595d7 wp-block-columns-is-layout-flex\">\n<div class=\"wp-block-column is-layout-flow wp-block-column-is-layout-flow\">\n<figure class=\"wp-block-image size-large\"><img loading=\"lazy\" decoding=\"async\" width=\"1024\" height=\"576\" src=\"https:\/\/arpeloficial.com.br\/wp-content\/uploads\/2022\/10\/4-1-1024x576.png\" alt=\"\" class=\"wp-image-1215\" srcset=\"https:\/\/arpeloficial.com.br\/wp-content\/uploads\/2022\/10\/4-1-1024x576.png 1024w, https:\/\/arpeloficial.com.br\/wp-content\/uploads\/2022\/10\/4-1-300x169.png 300w, https:\/\/arpeloficial.com.br\/wp-content\/uploads\/2022\/10\/4-1-768x432.png 768w, https:\/\/arpeloficial.com.br\/wp-content\/uploads\/2022\/10\/4-1-1536x864.png 1536w, https:\/\/arpeloficial.com.br\/wp-content\/uploads\/2022\/10\/4-1-107x60.png 107w, https:\/\/arpeloficial.com.br\/wp-content\/uploads\/2022\/10\/4-1-840x473.png 840w, https:\/\/arpeloficial.com.br\/wp-content\/uploads\/2022\/10\/4-1.png 1920w\" sizes=\"auto, (max-width: 1024px) 100vw, 1024px\" \/><\/figure>\n<\/div>\n<\/div>\n\n\n\n<p>Hoje em dia, a baguette aparece com diferentes texturas, tamanhos, recortes e configura\u00e7\u00f5es mesclando o vintage com o moderno e em comemora\u00e7\u00e3o ao anivers\u00e1rio de 25 anos, as baguetes t\u00eam sido uma grande tend\u00eancia aparecendo em diferentes tamanhos, recortes e configura\u00e7\u00f5es mesclando o vintage com o moderno.<\/p>\n\n\n\n<div class=\"wp-block-columns is-layout-flex wp-container-core-columns-is-layout-9d6595d7 wp-block-columns-is-layout-flex\">\n<div class=\"wp-block-column is-layout-flow wp-block-column-is-layout-flow\">\n<figure class=\"wp-block-image size-large\"><img loading=\"lazy\" decoding=\"async\" width=\"1024\" height=\"576\" src=\"https:\/\/arpeloficial.com.br\/wp-content\/uploads\/2022\/10\/5-1024x576.png\" alt=\"\" class=\"wp-image-1214\" srcset=\"https:\/\/arpeloficial.com.br\/wp-content\/uploads\/2022\/10\/5-1024x576.png 1024w, https:\/\/arpeloficial.com.br\/wp-content\/uploads\/2022\/10\/5-300x169.png 300w, https:\/\/arpeloficial.com.br\/wp-content\/uploads\/2022\/10\/5-768x432.png 768w, https:\/\/arpeloficial.com.br\/wp-content\/uploads\/2022\/10\/5-1536x864.png 1536w, https:\/\/arpeloficial.com.br\/wp-content\/uploads\/2022\/10\/5-107x60.png 107w, https:\/\/arpeloficial.com.br\/wp-content\/uploads\/2022\/10\/5-840x473.png 840w, https:\/\/arpeloficial.com.br\/wp-content\/uploads\/2022\/10\/5.png 1920w\" sizes=\"auto, (max-width: 1024px) 100vw, 1024px\" \/><\/figure>\n<\/div>\n<\/div>\n\n\n\n<p>Seu formato vers\u00e1til e simples funciona em diversos ambientes, como no trabalho, passeios, at\u00e9 uma festa noturna. <\/p>\n\n\n\n<figure class=\"wp-block-image size-large\"><img loading=\"lazy\" decoding=\"async\" width=\"1024\" height=\"576\" src=\"https:\/\/arpeloficial.com.br\/wp-content\/uploads\/2022\/10\/3-1024x576.png\" alt=\"\" class=\"wp-image-1216\" srcset=\"https:\/\/arpeloficial.com.br\/wp-content\/uploads\/2022\/10\/3-1024x576.png 1024w, https:\/\/arpeloficial.com.br\/wp-content\/uploads\/2022\/10\/3-300x169.png 300w, https:\/\/arpeloficial.com.br\/wp-content\/uploads\/2022\/10\/3-768x432.png 768w, https:\/\/arpeloficial.com.br\/wp-content\/uploads\/2022\/10\/3-1536x864.png 1536w, https:\/\/arpeloficial.com.br\/wp-content\/uploads\/2022\/10\/3-107x60.png 107w, https:\/\/arpeloficial.com.br\/wp-content\/uploads\/2022\/10\/3-840x473.png 840w, https:\/\/arpeloficial.com.br\/wp-content\/uploads\/2022\/10\/3.png 1920w\" sizes=\"auto, (max-width: 1024px) 100vw, 1024px\" \/><\/figure>\n\n\n\n<p>Se voc\u00ea tem uma baguete \u00e9 hora de usar, e se ainda n\u00e3o tem, aproveite e passe na Arpel Select que as op\u00e7\u00f5es est\u00e3o demais!<\/p>\n\n\n\n<p class=\"has-text-align-center\">Qual seu modelo de baguete favorito? Comente aqui<\/p>\n\n\n\n<p class=\"has-text-align-center\"><strong>Clique para garantir a sua baguette.<\/strong><\/p>\n\n\n\n<div class=\"wp-block-buttons is-content-justification-center is-layout-flex wp-container-core-buttons-is-layout-16018d1d wp-block-buttons-is-layout-flex\">\n<div class=\"wp-block-button is-style-fill\"><a class=\"wp-block-button__link has-black-color has-text-color has-background\" href=\"https:\/\/api.whatsapp.com\/send\/?phone=553299418650&amp;type=phone_number&amp;app_absent=0\" style=\"background-color:#eab3c2\" target=\"_blank\" rel=\"noreferrer noopener\">Quero garantir a minha baguete<\/a><\/div>\n<\/div>\n","protected":false},"excerpt":{"rendered":"<p>A bolsa baguete ou baguette completa 25 anos neste ano e voltou com tudo sendo uma das tend\u00eancias mais cobi\u00e7adas no s\u00e9culo XXI. Conhe\u00e7a esse &hellip; <\/p>\n","protected":false},"author":2,"featured_media":1219,"comment_status":"open","ping_status":"open","sticky":false,"template":"","format":"standard","meta":{"footnotes":""},"categories":[266,70,120,43,42,130],"tags":[16,268,267,269,7,8,14,15,270,271],"class_list":["post-1210","post","type-post","status-publish","format-standard","has-post-thumbnail","hentry","category-acessorios","category-guia","category-moda","category-moda-arpel","category-primavera-verao-2022","category-tendencias","tag-acessorios","tag-baguete","tag-baguette","tag-bolsabaguete","tag-moda","tag-moda-feminina","tag-roupa","tag-roupa-feminina","tag-tendenciasprimavera","tag-tendenciasverao"],"_links":{"self":[{"href":"https:\/\/arpeloficial.com.br\/index.php\/wp-json\/wp\/v2\/posts\/1210","targetHints":{"allow":["GET"]}}],"collection":[{"href":"https:\/\/arpeloficial.com.br\/index.php\/wp-json\/wp\/v2\/posts"}],"about":[{"href":"https:\/\/arpeloficial.com.br\/index.php\/wp-json\/wp\/v2\/types\/post"}],"author":[{"embeddable":true,"href":"https:\/\/arpeloficial.com.br\/index.php\/wp-json\/wp\/v2\/users\/2"}],"replies":[{"embeddable":true,"href":"https:\/\/arpeloficial.com.br\/index.php\/wp-json\/wp\/v2\/comments?post=1210"}],"version-history":[{"count":2,"href":"https:\/\/arpeloficial.com.br\/index.php\/wp-json\/wp\/v2\/posts\/1210\/revisions"}],"predecessor-version":[{"id":1221,"href":"https:\/\/arpeloficial.com.br\/index.php\/wp-json\/wp\/v2\/posts\/1210\/revisions\/1221"}],"wp:featuredmedia":[{"embeddable":true,"href":"https:\/\/arpeloficial.com.br\/index.php\/wp-json\/wp\/v2\/media\/1219"}],"wp:attachment":[{"href":"https:\/\/arpeloficial.com.br\/index.php\/wp-json\/wp\/v2\/media?parent=1210"}],"wp:term":[{"taxonomy":"category","embeddable":true,"href":"https:\/\/arpeloficial.com.br\/index.php\/wp-json\/wp\/v2\/categories?post=1210"},{"taxonomy":"post_tag","embeddable":true,"href":"https:\/\/arpeloficial.com.br\/index.php\/wp-json\/wp\/v2\/tags?post=1210"}],"curies":[{"name":"wp","href":"https:\/\/api.w.org\/{rel}","templated":true}]}}