{"id":1309,"date":"2022-12-14T12:26:42","date_gmt":"2022-12-14T15:26:42","guid":{"rendered":"https:\/\/arpeloficial.com.br\/?p=1309"},"modified":"2022-12-15T14:53:35","modified_gmt":"2022-12-15T17:53:35","slug":"seu-look-de-fim-de-ano-esta-aqui","status":"publish","type":"post","link":"https:\/\/arpeloficial.com.br\/index.php\/2022\/12\/14\/seu-look-de-fim-de-ano-esta-aqui\/","title":{"rendered":"Seu Look de Fim de Ano est\u00e1 aqui!"},"content":{"rendered":"\n<p><strong>SEU LOOK PARA O FIM DE ANO EST\u00c1 AQUI!<\/strong><\/p>\n\n\n\n<p>Natal e R\u00e9veillon chegando e que tal decidir seus looks com anteced\u00eancia?<\/p>\n\n\n\n<p>Para te ajudar ma escolha, preparamos um cat\u00e1logo com uma sele\u00e7\u00e3o imperd\u00edvel das melhores pe\u00e7as para esses eventos! E tem para todos os gostos, viu?<\/p>\n\n\n\n<p>Se voc\u00ea n\u00e3o abre m\u00e3o do bom e cl\u00e1ssico branco para a virada do ano, selecionamos lindos vestidos brancos! Se voc\u00ea \u00e9 criativa e gosta de traduzir sua personalidade nas roupas, vem conferir roupas coloridas e estampadas! Prefere o preto b\u00e1sico? Tem tamb\u00e9m!<\/p>\n\n\n\n<p class=\"has-text-align-center\"><strong>Clique para ver o cat\u00e1logo de op\u00e7\u00f5es \ud83d\udc47<\/strong><\/p>\n\n\n\n<div class=\"wp-block-buttons is-content-justification-center is-layout-flex wp-container-core-buttons-is-layout-16018d1d wp-block-buttons-is-layout-flex\">\n<div class=\"wp-block-button is-style-fill\"><a class=\"wp-block-button__link has-black-color has-text-color has-background wp-element-button\" href=\"https:\/\/arpeloficial.com.br\/wp-content\/uploads\/2022\/12\/ARPEL-Looks-para-fim-de-ano-2022-1.pdf\" style=\"background-color:#e6bcc1\" target=\"_blank\" rel=\"noreferrer noopener\">QUERO VER O CAT\u00c1LOGO<\/a><\/div>\n<\/div>\n","protected":false},"excerpt":{"rendered":"<p>SEU LOOK PARA O FIM DE ANO EST\u00c1 AQUI! Natal e R\u00e9veillon chegando e que tal decidir seus looks com anteced\u00eancia? Para te ajudar ma &hellip; <\/p>\n","protected":false},"author":2,"featured_media":1310,"comment_status":"open","ping_status":"open","sticky":false,"template":"","format":"standard","meta":{"footnotes":""},"categories":[44,70,120,43,42],"tags":[296,295,294,7,8,15,214,78],"class_list":["post-1309","post","type-post","status-publish","format-standard","has-post-thumbnail","hentry","category-dicas","category-guia","category-moda","category-moda-arpel","category-primavera-verao-2022","tag-looksdeanonovo","tag-looksdenatal","tag-looksfimdeano","tag-moda","tag-moda-feminina","tag-roupa-feminina","tag-roupas","tag-verao"],"_links":{"self":[{"href":"https:\/\/arpeloficial.com.br\/index.php\/wp-json\/wp\/v2\/posts\/1309","targetHints":{"allow":["GET"]}}],"collection":[{"href":"https:\/\/arpeloficial.com.br\/index.php\/wp-json\/wp\/v2\/posts"}],"about":[{"href":"https:\/\/arpeloficial.com.br\/index.php\/wp-json\/wp\/v2\/types\/post"}],"author":[{"embeddable":true,"href":"https:\/\/arpeloficial.com.br\/index.php\/wp-json\/wp\/v2\/users\/2"}],"replies":[{"embeddable":true,"href":"https:\/\/arpeloficial.com.br\/index.php\/wp-json\/wp\/v2\/comments?post=1309"}],"version-history":[{"count":2,"href":"https:\/\/arpeloficial.com.br\/index.php\/wp-json\/wp\/v2\/posts\/1309\/revisions"}],"predecessor-version":[{"id":1316,"href":"https:\/\/arpeloficial.com.br\/index.php\/wp-json\/wp\/v2\/posts\/1309\/revisions\/1316"}],"wp:featuredmedia":[{"embeddable":true,"href":"https:\/\/arpeloficial.com.br\/index.php\/wp-json\/wp\/v2\/media\/1310"}],"wp:attachment":[{"href":"https:\/\/arpeloficial.com.br\/index.php\/wp-json\/wp\/v2\/media?parent=1309"}],"wp:term":[{"taxonomy":"category","embeddable":true,"href":"https:\/\/arpeloficial.com.br\/index.php\/wp-json\/wp\/v2\/categories?post=1309"},{"taxonomy":"post_tag","embeddable":true,"href":"https:\/\/arpeloficial.com.br\/index.php\/wp-json\/wp\/v2\/tags?post=1309"}],"curies":[{"name":"wp","href":"https:\/\/api.w.org\/{rel}","templated":true}]}}