{"id":1334,"date":"2022-12-28T14:24:41","date_gmt":"2022-12-28T17:24:41","guid":{"rendered":"https:\/\/arpeloficial.com.br\/?p=1334"},"modified":"2022-12-28T14:24:42","modified_gmt":"2022-12-28T17:24:42","slug":"promocao-arpel-2022","status":"publish","type":"post","link":"https:\/\/arpeloficial.com.br\/index.php\/2022\/12\/28\/promocao-arpel-2022\/","title":{"rendered":"Promo\u00e7\u00e3o Arpel 2022"},"content":{"rendered":"\n<p>N\u00f3s preparamos uma promo\u00e7\u00e3o especial de Ano Novo na Arpel Por Elas e Arpel Select.<br>S\u00e3o todos os produtos da loja para voc\u00ea curtir o seu melhor momento usando Arpel.<\/p>\n\n\n\n<figure class=\"wp-block-image size-full\"><img loading=\"lazy\" decoding=\"async\" width=\"600\" height=\"500\" src=\"https:\/\/arpeloficial.com.br\/wp-content\/uploads\/2022\/12\/22.png\" alt=\"\" class=\"wp-image-1340\" srcset=\"https:\/\/arpeloficial.com.br\/wp-content\/uploads\/2022\/12\/22.png 600w, https:\/\/arpeloficial.com.br\/wp-content\/uploads\/2022\/12\/22-300x250.png 300w, https:\/\/arpeloficial.com.br\/wp-content\/uploads\/2022\/12\/22-72x60.png 72w\" sizes=\"auto, (max-width: 600px) 100vw, 600px\" \/><\/figure>\n\n\n\n<figure class=\"wp-block-image size-full\"><img loading=\"lazy\" decoding=\"async\" width=\"600\" height=\"500\" src=\"https:\/\/arpeloficial.com.br\/wp-content\/uploads\/2022\/12\/23.png\" alt=\"\" class=\"wp-image-1341\" srcset=\"https:\/\/arpeloficial.com.br\/wp-content\/uploads\/2022\/12\/23.png 600w, https:\/\/arpeloficial.com.br\/wp-content\/uploads\/2022\/12\/23-300x250.png 300w, https:\/\/arpeloficial.com.br\/wp-content\/uploads\/2022\/12\/23-72x60.png 72w\" sizes=\"auto, (max-width: 600px) 100vw, 600px\" \/><\/figure>\n\n\n\n<figure class=\"wp-block-image size-full\"><img loading=\"lazy\" decoding=\"async\" width=\"600\" height=\"500\" src=\"https:\/\/arpeloficial.com.br\/wp-content\/uploads\/2022\/12\/24.png\" alt=\"\" class=\"wp-image-1342\" srcset=\"https:\/\/arpeloficial.com.br\/wp-content\/uploads\/2022\/12\/24.png 600w, https:\/\/arpeloficial.com.br\/wp-content\/uploads\/2022\/12\/24-300x250.png 300w, https:\/\/arpeloficial.com.br\/wp-content\/uploads\/2022\/12\/24-72x60.png 72w\" sizes=\"auto, (max-width: 600px) 100vw, 600px\" \/><\/figure>\n\n\n\n<figure class=\"wp-block-image size-full\"><img loading=\"lazy\" decoding=\"async\" width=\"600\" height=\"500\" src=\"https:\/\/arpeloficial.com.br\/wp-content\/uploads\/2022\/12\/blog-79.png\" alt=\"\" class=\"wp-image-1345\" srcset=\"https:\/\/arpeloficial.com.br\/wp-content\/uploads\/2022\/12\/blog-79.png 600w, https:\/\/arpeloficial.com.br\/wp-content\/uploads\/2022\/12\/blog-79-300x250.png 300w, https:\/\/arpeloficial.com.br\/wp-content\/uploads\/2022\/12\/blog-79-72x60.png 72w\" sizes=\"auto, (max-width: 600px) 100vw, 600px\" \/><\/figure>\n\n\n\n<figure class=\"wp-block-image size-full\"><img loading=\"lazy\" decoding=\"async\" width=\"600\" height=\"500\" src=\"https:\/\/arpeloficial.com.br\/wp-content\/uploads\/2022\/12\/blog-80.png\" alt=\"\" class=\"wp-image-1346\" srcset=\"https:\/\/arpeloficial.com.br\/wp-content\/uploads\/2022\/12\/blog-80.png 600w, https:\/\/arpeloficial.com.br\/wp-content\/uploads\/2022\/12\/blog-80-300x250.png 300w, https:\/\/arpeloficial.com.br\/wp-content\/uploads\/2022\/12\/blog-80-72x60.png 72w\" sizes=\"auto, (max-width: 600px) 100vw, 600px\" \/><\/figure>\n\n\n\n<figure class=\"wp-block-image size-full\"><img loading=\"lazy\" decoding=\"async\" width=\"600\" height=\"500\" src=\"https:\/\/arpeloficial.com.br\/wp-content\/uploads\/2022\/12\/30.png\" alt=\"\" class=\"wp-image-1338\" srcset=\"https:\/\/arpeloficial.com.br\/wp-content\/uploads\/2022\/12\/30.png 600w, https:\/\/arpeloficial.com.br\/wp-content\/uploads\/2022\/12\/30-300x250.png 300w, https:\/\/arpeloficial.com.br\/wp-content\/uploads\/2022\/12\/30-72x60.png 72w\" sizes=\"auto, (max-width: 600px) 100vw, 600px\" \/><\/figure>\n\n\n\n<figure class=\"wp-block-image size-full\"><img loading=\"lazy\" decoding=\"async\" width=\"600\" height=\"500\" src=\"https:\/\/arpeloficial.com.br\/wp-content\/uploads\/2022\/12\/27.png\" alt=\"\" class=\"wp-image-1335\" srcset=\"https:\/\/arpeloficial.com.br\/wp-content\/uploads\/2022\/12\/27.png 600w, https:\/\/arpeloficial.com.br\/wp-content\/uploads\/2022\/12\/27-300x250.png 300w, https:\/\/arpeloficial.com.br\/wp-content\/uploads\/2022\/12\/27-72x60.png 72w\" sizes=\"auto, (max-width: 600px) 100vw, 600px\" \/><\/figure>\n\n\n\n<figure class=\"wp-block-image size-full\"><img loading=\"lazy\" decoding=\"async\" width=\"600\" height=\"500\" src=\"https:\/\/arpeloficial.com.br\/wp-content\/uploads\/2022\/12\/28.png\" alt=\"\" class=\"wp-image-1336\" srcset=\"https:\/\/arpeloficial.com.br\/wp-content\/uploads\/2022\/12\/28.png 600w, https:\/\/arpeloficial.com.br\/wp-content\/uploads\/2022\/12\/28-300x250.png 300w, https:\/\/arpeloficial.com.br\/wp-content\/uploads\/2022\/12\/28-72x60.png 72w\" sizes=\"auto, (max-width: 600px) 100vw, 600px\" \/><\/figure>\n\n\n\n<figure class=\"wp-block-image size-full\"><img loading=\"lazy\" decoding=\"async\" width=\"600\" height=\"500\" src=\"https:\/\/arpeloficial.com.br\/wp-content\/uploads\/2022\/12\/29.png\" alt=\"\" class=\"wp-image-1337\" srcset=\"https:\/\/arpeloficial.com.br\/wp-content\/uploads\/2022\/12\/29.png 600w, https:\/\/arpeloficial.com.br\/wp-content\/uploads\/2022\/12\/29-300x250.png 300w, https:\/\/arpeloficial.com.br\/wp-content\/uploads\/2022\/12\/29-72x60.png 72w\" sizes=\"auto, (max-width: 600px) 100vw, 600px\" \/><\/figure>\n","protected":false},"excerpt":{"rendered":"<p>N\u00f3s preparamos uma promo\u00e7\u00e3o especial de Ano Novo na Arpel Por Elas e Arpel Select.S\u00e3o todos os produtos da loja para voc\u00ea curtir o seu &hellip; <\/p>\n","protected":false},"author":2,"featured_media":1339,"comment_status":"open","ping_status":"open","sticky":false,"template":"","format":"standard","meta":{"footnotes":""},"categories":[297],"tags":[298,299,300,7,8,14,15],"class_list":["post-1334","post","type-post","status-publish","format-standard","has-post-thumbnail","hentry","category-promocao-fim-de-ano-2022","tag-ano-novo","tag-ferias","tag-fim-de-ano","tag-moda","tag-moda-feminina","tag-roupa","tag-roupa-feminina"],"_links":{"self":[{"href":"https:\/\/arpeloficial.com.br\/index.php\/wp-json\/wp\/v2\/posts\/1334","targetHints":{"allow":["GET"]}}],"collection":[{"href":"https:\/\/arpeloficial.com.br\/index.php\/wp-json\/wp\/v2\/posts"}],"about":[{"href":"https:\/\/arpeloficial.com.br\/index.php\/wp-json\/wp\/v2\/types\/post"}],"author":[{"embeddable":true,"href":"https:\/\/arpeloficial.com.br\/index.php\/wp-json\/wp\/v2\/users\/2"}],"replies":[{"embeddable":true,"href":"https:\/\/arpeloficial.com.br\/index.php\/wp-json\/wp\/v2\/comments?post=1334"}],"version-history":[{"count":1,"href":"https:\/\/arpeloficial.com.br\/index.php\/wp-json\/wp\/v2\/posts\/1334\/revisions"}],"predecessor-version":[{"id":1347,"href":"https:\/\/arpeloficial.com.br\/index.php\/wp-json\/wp\/v2\/posts\/1334\/revisions\/1347"}],"wp:featuredmedia":[{"embeddable":true,"href":"https:\/\/arpeloficial.com.br\/index.php\/wp-json\/wp\/v2\/media\/1339"}],"wp:attachment":[{"href":"https:\/\/arpeloficial.com.br\/index.php\/wp-json\/wp\/v2\/media?parent=1334"}],"wp:term":[{"taxonomy":"category","embeddable":true,"href":"https:\/\/arpeloficial.com.br\/index.php\/wp-json\/wp\/v2\/categories?post=1334"},{"taxonomy":"post_tag","embeddable":true,"href":"https:\/\/arpeloficial.com.br\/index.php\/wp-json\/wp\/v2\/tags?post=1334"}],"curies":[{"name":"wp","href":"https:\/\/api.w.org\/{rel}","templated":true}]}}