{"id":1364,"date":"2023-01-18T15:26:40","date_gmt":"2023-01-18T18:26:40","guid":{"rendered":"https:\/\/arpeloficial.com.br\/?p=1364"},"modified":"2023-05-15T16:18:19","modified_gmt":"2023-05-15T19:18:19","slug":"preto-no-verao-como-usar","status":"publish","type":"post","link":"https:\/\/arpeloficial.com.br\/index.php\/2023\/01\/18\/preto-no-verao-como-usar\/","title":{"rendered":"<strong>Preto no ver\u00e3o, como usar?<\/strong>"},"content":{"rendered":"\n<p>Voc\u00ea \u00e9 apaixonada por uma produ\u00e7\u00e3o <em>all black<\/em>, e n\u00e3o abre m\u00e3o do preto, mesmo no ver\u00e3o? Saiba que n\u00e3o \u00e9 s\u00f3 voc\u00ea, e existem muitos motivos para essa prefer\u00eancia. A cor preta \u00e9 elegante, neutra, vers\u00e1til e sexy.<\/p>\n\n\n\n<figure class=\"wp-block-image size-full\"><img loading=\"lazy\" decoding=\"async\" width=\"600\" height=\"500\" src=\"https:\/\/arpeloficial.com.br\/wp-content\/uploads\/2023\/01\/43.png\" alt=\"\" class=\"wp-image-1368\" srcset=\"https:\/\/arpeloficial.com.br\/wp-content\/uploads\/2023\/01\/43.png 600w, https:\/\/arpeloficial.com.br\/wp-content\/uploads\/2023\/01\/43-300x250.png 300w, https:\/\/arpeloficial.com.br\/wp-content\/uploads\/2023\/01\/43-72x60.png 72w\" sizes=\"auto, (max-width: 600px) 100vw, 600px\" \/><\/figure>\n\n\n\n<p>A moda deve ser do seu jeito! A mulher do s\u00e9culo 21 n\u00e3o se intimida com as tend\u00eancias da moda, pois tem consci\u00eancia das suas prefer\u00eancias. Voc\u00ea n\u00e3o precisa usar outras cores s\u00f3 porque \u00e9 ver\u00e3o, se prefere roupas pretas. E n\u00f3s, da Arpel, estamos aqui para te ajudar a fazer escolhas acertadas!<\/p>\n\n\n\n<figure class=\"wp-block-image size-full\"><img loading=\"lazy\" decoding=\"async\" width=\"600\" height=\"500\" src=\"https:\/\/arpeloficial.com.br\/wp-content\/uploads\/2023\/01\/42.png\" alt=\"\" class=\"wp-image-1367\" srcset=\"https:\/\/arpeloficial.com.br\/wp-content\/uploads\/2023\/01\/42.png 600w, https:\/\/arpeloficial.com.br\/wp-content\/uploads\/2023\/01\/42-300x250.png 300w, https:\/\/arpeloficial.com.br\/wp-content\/uploads\/2023\/01\/42-72x60.png 72w\" sizes=\"auto, (max-width: 600px) 100vw, 600px\" \/><\/figure>\n\n\n\n<h2 class=\"wp-block-heading\"><strong>Mas como conciliar preto com o ver\u00e3o?<\/strong><\/h2>\n\n\n\n<p>\u00c9 sobre isso que vamos falar hoje. Introduzindo alguns detalhes, voc\u00ea ter\u00e1 produ\u00e7\u00f5es lindas e funcionais mesmo no ver\u00e3o, quer saber? Acompanhe a leitura desse post que fizemos especialmente para voc\u00ea. <\/p>\n\n\n\n<ul class=\"wp-block-list\">\n<li>Priorize pe\u00e7as confeccionadas com tecidos de fibras naturais, que voc\u00ea pode conferir olhando na etiqueta afixada na costura lateral das pe\u00e7as;<\/li>\n\n\n\n<li>Selecione as que possuam um percentual maior de algod\u00e3o, linho, seda ou fibra de bambu na composi\u00e7\u00e3o &nbsp;do que componentes sint\u00e9ticos, pois elas s\u00e3o naturalmente mais frescas;<\/li>\n\n\n\n<li>Prefira roupas com a modelagem ampla, para que o corpo respire. Se o vestido for justo, escolha modelos com recortes, fendas, al\u00e7as, para manter boa parte de pele \u00e0 mostra. O couro sint\u00e9tico est\u00e1 ocupando um lugar de destaque nas produ\u00e7\u00f5es de ver\u00e3o, pois cria looks muito sofisticados.<\/li>\n\n\n\n<li>Outra op\u00e7\u00e3o \u00e9 utilizar texturas diferentes em composi\u00e7\u00f5es de duas ou mais pe\u00e7as. Se usar uma saia de couro, por exemplo, combine com uma regata leve de renda para equilibrar a temperatura.<\/li>\n<\/ul>\n\n\n\n<figure class=\"wp-block-image size-full\"><img loading=\"lazy\" decoding=\"async\" width=\"600\" height=\"500\" src=\"https:\/\/arpeloficial.com.br\/wp-content\/uploads\/2023\/01\/40.png\" alt=\"\" class=\"wp-image-1365\" srcset=\"https:\/\/arpeloficial.com.br\/wp-content\/uploads\/2023\/01\/40.png 600w, https:\/\/arpeloficial.com.br\/wp-content\/uploads\/2023\/01\/40-300x250.png 300w, https:\/\/arpeloficial.com.br\/wp-content\/uploads\/2023\/01\/40-72x60.png 72w\" sizes=\"auto, (max-width: 600px) 100vw, 600px\" \/><\/figure>\n\n\n\n<p>Para voc\u00ea que est\u00e1 com pressa, acordou atrasada ou simplesmente n\u00e3o quer pensar no que vestir, mas ainda assim quer se sentir bonita e confort\u00e1vel, um macac\u00e3o de malha preto \u00e9 uma pe\u00e7a \u00fanica que alia conforto e eleg\u00e2ncia com pouco esfor\u00e7o. Voc\u00ea pode cal\u00e7ar com t\u00eanis, sapatilha ou sand\u00e1lia e estar\u00e1 arrumada o dia todo.<\/p>\n\n\n\n<figure class=\"wp-block-image size-full\"><img loading=\"lazy\" decoding=\"async\" width=\"600\" height=\"500\" src=\"https:\/\/arpeloficial.com.br\/wp-content\/uploads\/2023\/01\/blog-85.png\" alt=\"\" class=\"wp-image-1379\" srcset=\"https:\/\/arpeloficial.com.br\/wp-content\/uploads\/2023\/01\/blog-85.png 600w, https:\/\/arpeloficial.com.br\/wp-content\/uploads\/2023\/01\/blog-85-300x250.png 300w, https:\/\/arpeloficial.com.br\/wp-content\/uploads\/2023\/01\/blog-85-72x60.png 72w\" sizes=\"auto, (max-width: 600px) 100vw, 600px\" \/><\/figure>\n\n\n\n<h2 class=\"wp-block-heading\"><strong>Que tal um look <em>rock and roll<\/em> com uma pegada mais sexy?<\/strong><\/h2>\n\n\n\n<p>Voc\u00ea pode criar esse estilo usando couro. J\u00e1 foi o tempo que couro era usado s\u00f3 no inverno. Os mini vestidos, saias e tops de couro chegaram para estimular a nossa criatividade. Se o seu evento for despojado, use com t\u00eanis. Se quiser um visual mais refinado, use com sand\u00e1lia com salto.<\/p>\n\n\n\n<figure class=\"wp-block-image size-full\"><img loading=\"lazy\" decoding=\"async\" width=\"600\" height=\"500\" src=\"https:\/\/arpeloficial.com.br\/wp-content\/uploads\/2023\/01\/44.png\" alt=\"\" class=\"wp-image-1369\" srcset=\"https:\/\/arpeloficial.com.br\/wp-content\/uploads\/2023\/01\/44.png 600w, https:\/\/arpeloficial.com.br\/wp-content\/uploads\/2023\/01\/44-300x250.png 300w, https:\/\/arpeloficial.com.br\/wp-content\/uploads\/2023\/01\/44-72x60.png 72w\" sizes=\"auto, (max-width: 600px) 100vw, 600px\" \/><\/figure>\n\n\n\n<p>Ali\u00e1s, uma forma de dar leveza ao look preto \u00e9 inserir uma sand\u00e1lia branca. &nbsp;Combinado com sand\u00e1lia nude o look ganha eleg\u00e2ncia, cores vibrantes descontraem o look.<\/p>\n\n\n\n<figure class=\"wp-block-image size-full\"><img loading=\"lazy\" decoding=\"async\" width=\"600\" height=\"500\" src=\"https:\/\/arpeloficial.com.br\/wp-content\/uploads\/2023\/01\/39.png\" alt=\"\" class=\"wp-image-1374\" srcset=\"https:\/\/arpeloficial.com.br\/wp-content\/uploads\/2023\/01\/39.png 600w, https:\/\/arpeloficial.com.br\/wp-content\/uploads\/2023\/01\/39-300x250.png 300w, https:\/\/arpeloficial.com.br\/wp-content\/uploads\/2023\/01\/39-72x60.png 72w\" sizes=\"auto, (max-width: 600px) 100vw, 600px\" \/><\/figure>\n\n\n\n<p>Vestido em alfaiataria bem modelado com sand\u00e1lia cl\u00e1ssica preta \u00e9 muito chique. Para incrementar use uma bolsa poderosa, e est\u00e1 pronta para come\u00e7ar o dia de trabalho em grande estilo.<\/p>\n\n\n\n<figure class=\"wp-block-image size-full\"><img loading=\"lazy\" decoding=\"async\" width=\"600\" height=\"500\" src=\"https:\/\/arpeloficial.com.br\/wp-content\/uploads\/2023\/01\/41.png\" alt=\"\" class=\"wp-image-1366\" srcset=\"https:\/\/arpeloficial.com.br\/wp-content\/uploads\/2023\/01\/41.png 600w, https:\/\/arpeloficial.com.br\/wp-content\/uploads\/2023\/01\/41-300x250.png 300w, https:\/\/arpeloficial.com.br\/wp-content\/uploads\/2023\/01\/41-72x60.png 72w\" sizes=\"auto, (max-width: 600px) 100vw, 600px\" \/><\/figure>\n\n\n\n<p>Invista em acess\u00f3rios. O preto tem enorme capacidade de transformar-se com a simples troca de acess\u00f3rios. Sapatos poderosos s\u00e3o grandes aliados para dar um <em>up<\/em> no status do look. Sapato bicolor d\u00e1 um charme extra na produ\u00e7\u00e3o. As possibilidades s\u00e3o in\u00fameras. Agora \u00e9 a sua vez de experimentar.<\/p>\n\n\n\n<p>Gostou do post?<\/p>\n\n\n\n<p>Convido voc\u00ea a visitar nosso Instagram e ter mais ideias de look para o ver\u00e3o.<\/p>\n\n\n\n<p><a href=\"https:\/\/www.instagram.com\/arpeloficial\/\">https:\/\/www.instagram.com\/arpeloficial\/<\/a><\/p>\n\n\n\n<p><\/p>\n","protected":false},"excerpt":{"rendered":"<p>Voc\u00ea \u00e9 apaixonada por uma produ\u00e7\u00e3o all black, e n\u00e3o abre m\u00e3o do preto, mesmo no ver\u00e3o? Saiba que n\u00e3o \u00e9 s\u00f3 voc\u00ea, e existem &hellip; <\/p>\n","protected":false},"author":2,"featured_media":1370,"comment_status":"open","ping_status":"open","sticky":false,"template":"","format":"standard","meta":{"footnotes":""},"categories":[44],"tags":[351,7,8,14,15],"class_list":["post-1364","post","type-post","status-publish","format-standard","has-post-thumbnail","hentry","category-dicas","tag-look-de-preto","tag-moda","tag-moda-feminina","tag-roupa","tag-roupa-feminina"],"_links":{"self":[{"href":"https:\/\/arpeloficial.com.br\/index.php\/wp-json\/wp\/v2\/posts\/1364","targetHints":{"allow":["GET"]}}],"collection":[{"href":"https:\/\/arpeloficial.com.br\/index.php\/wp-json\/wp\/v2\/posts"}],"about":[{"href":"https:\/\/arpeloficial.com.br\/index.php\/wp-json\/wp\/v2\/types\/post"}],"author":[{"embeddable":true,"href":"https:\/\/arpeloficial.com.br\/index.php\/wp-json\/wp\/v2\/users\/2"}],"replies":[{"embeddable":true,"href":"https:\/\/arpeloficial.com.br\/index.php\/wp-json\/wp\/v2\/comments?post=1364"}],"version-history":[{"count":5,"href":"https:\/\/arpeloficial.com.br\/index.php\/wp-json\/wp\/v2\/posts\/1364\/revisions"}],"predecessor-version":[{"id":1628,"href":"https:\/\/arpeloficial.com.br\/index.php\/wp-json\/wp\/v2\/posts\/1364\/revisions\/1628"}],"wp:featuredmedia":[{"embeddable":true,"href":"https:\/\/arpeloficial.com.br\/index.php\/wp-json\/wp\/v2\/media\/1370"}],"wp:attachment":[{"href":"https:\/\/arpeloficial.com.br\/index.php\/wp-json\/wp\/v2\/media?parent=1364"}],"wp:term":[{"taxonomy":"category","embeddable":true,"href":"https:\/\/arpeloficial.com.br\/index.php\/wp-json\/wp\/v2\/categories?post=1364"},{"taxonomy":"post_tag","embeddable":true,"href":"https:\/\/arpeloficial.com.br\/index.php\/wp-json\/wp\/v2\/tags?post=1364"}],"curies":[{"name":"wp","href":"https:\/\/api.w.org\/{rel}","templated":true}]}}