{"id":1599,"date":"2023-05-10T17:20:10","date_gmt":"2023-05-10T20:20:10","guid":{"rendered":"https:\/\/arpeloficial.com.br\/?p=1599"},"modified":"2023-05-10T17:27:59","modified_gmt":"2023-05-10T20:27:59","slug":"mae-contemporanea-moda-pratica-confortavel-e-elegante","status":"publish","type":"post","link":"https:\/\/arpeloficial.com.br\/index.php\/2023\/05\/10\/mae-contemporanea-moda-pratica-confortavel-e-elegante\/","title":{"rendered":"M\u00e3e contempor\u00e2nea: moda pr\u00e1tica, confort\u00e1vel e elegante"},"content":{"rendered":"\n<p>Carreira profissional turbinada, fam\u00edlia em foco e valoriza\u00e7\u00e3o do lazer, s\u00e3o essas as principais atividades que dividem os interesses da mulher brasileira nos dias atuais e tornam sua vida bem din\u00e2mica.<\/p>\n\n\n\n<p>Ser mulher\/m\u00e3e \u00e9 um dos pap\u00e9is mais importantes e gratificantes da vida, mas tamb\u00e9m pode ser bastante desafiador. Com tantas responsabilidades di\u00e1rias, muitas m\u00e3es acham dif\u00edcil manter um guarda-roupa pr\u00e1tico, confort\u00e1vel e elegante ao mesmo tempo. Voc\u00ea se sente assim?<\/p>\n\n\n\n<p>Para atender essa crescente demanda da mulher contempor\u00e2nea, a moda vem se transformando no mesmo ritmo, no sentido de propor uma est\u00e9tica mais clean, que traz pe\u00e7as b\u00e1sicas e essenciais e muito, mas muito charmosas.&nbsp;<\/p>\n\n\n\n<p>Vem comigo que vou te mostrar 5 looks que atendem todos esses requisitos e te permitem cuidar da &nbsp;fam\u00edlia com muito charme, no estilo Arpel.<\/p>\n\n\n\n<p><strong>Vestido tamanho \u00fanico sem fecho + bota cano alto = jantar com ele<\/strong><\/p>\n\n\n\n<figure class=\"wp-block-image size-large\"><img loading=\"lazy\" decoding=\"async\" width=\"768\" height=\"1024\" src=\"https:\/\/arpeloficial.com.br\/wp-content\/uploads\/2023\/05\/WhatsApp-Image-2023-05-10-at-16.57.56-1-768x1024.jpeg\" alt=\"\" class=\"wp-image-1601\" srcset=\"https:\/\/arpeloficial.com.br\/wp-content\/uploads\/2023\/05\/WhatsApp-Image-2023-05-10-at-16.57.56-1-768x1024.jpeg 768w, https:\/\/arpeloficial.com.br\/wp-content\/uploads\/2023\/05\/WhatsApp-Image-2023-05-10-at-16.57.56-1-225x300.jpeg 225w, https:\/\/arpeloficial.com.br\/wp-content\/uploads\/2023\/05\/WhatsApp-Image-2023-05-10-at-16.57.56-1-45x60.jpeg 45w, https:\/\/arpeloficial.com.br\/wp-content\/uploads\/2023\/05\/WhatsApp-Image-2023-05-10-at-16.57.56-1.jpeg 960w\" sizes=\"auto, (max-width: 768px) 100vw, 768px\" \/><\/figure>\n\n\n\n<figure class=\"wp-block-image size-large\"><img loading=\"lazy\" decoding=\"async\" width=\"675\" height=\"1024\" src=\"https:\/\/arpeloficial.com.br\/wp-content\/uploads\/2023\/05\/WhatsApp-Image-2023-05-10-at-16.57.59-675x1024.jpeg\" alt=\"\" class=\"wp-image-1602\" srcset=\"https:\/\/arpeloficial.com.br\/wp-content\/uploads\/2023\/05\/WhatsApp-Image-2023-05-10-at-16.57.59-675x1024.jpeg 675w, https:\/\/arpeloficial.com.br\/wp-content\/uploads\/2023\/05\/WhatsApp-Image-2023-05-10-at-16.57.59-198x300.jpeg 198w, https:\/\/arpeloficial.com.br\/wp-content\/uploads\/2023\/05\/WhatsApp-Image-2023-05-10-at-16.57.59-768x1165.jpeg 768w, https:\/\/arpeloficial.com.br\/wp-content\/uploads\/2023\/05\/WhatsApp-Image-2023-05-10-at-16.57.59-40x60.jpeg 40w, https:\/\/arpeloficial.com.br\/wp-content\/uploads\/2023\/05\/WhatsApp-Image-2023-05-10-at-16.57.59.jpeg 844w\" sizes=\"auto, (max-width: 675px) 100vw, 675px\" \/><\/figure>\n\n\n\n<p><strong>Blazer de malha print de cobra + jeans + loufer<\/strong> <strong>= cinema \u00e0 tarde<\/strong><\/p>\n\n\n\n<figure class=\"wp-block-image size-large\"><img loading=\"lazy\" decoding=\"async\" width=\"768\" height=\"1024\" src=\"https:\/\/arpeloficial.com.br\/wp-content\/uploads\/2023\/05\/WhatsApp-Image-2023-05-10-at-16.57.54-768x1024.jpeg\" alt=\"\" class=\"wp-image-1603\" srcset=\"https:\/\/arpeloficial.com.br\/wp-content\/uploads\/2023\/05\/WhatsApp-Image-2023-05-10-at-16.57.54-768x1024.jpeg 768w, https:\/\/arpeloficial.com.br\/wp-content\/uploads\/2023\/05\/WhatsApp-Image-2023-05-10-at-16.57.54-225x300.jpeg 225w, https:\/\/arpeloficial.com.br\/wp-content\/uploads\/2023\/05\/WhatsApp-Image-2023-05-10-at-16.57.54-45x60.jpeg 45w, https:\/\/arpeloficial.com.br\/wp-content\/uploads\/2023\/05\/WhatsApp-Image-2023-05-10-at-16.57.54.jpeg 960w\" sizes=\"auto, (max-width: 768px) 100vw, 768px\" \/><\/figure>\n\n\n\n<figure class=\"wp-block-image size-large\"><img loading=\"lazy\" decoding=\"async\" width=\"768\" height=\"1024\" src=\"https:\/\/arpeloficial.com.br\/wp-content\/uploads\/2023\/05\/WhatsApp-Image-2023-05-10-at-16.57.55-768x1024.jpeg\" alt=\"\" class=\"wp-image-1604\" srcset=\"https:\/\/arpeloficial.com.br\/wp-content\/uploads\/2023\/05\/WhatsApp-Image-2023-05-10-at-16.57.55-768x1024.jpeg 768w, https:\/\/arpeloficial.com.br\/wp-content\/uploads\/2023\/05\/WhatsApp-Image-2023-05-10-at-16.57.55-225x300.jpeg 225w, https:\/\/arpeloficial.com.br\/wp-content\/uploads\/2023\/05\/WhatsApp-Image-2023-05-10-at-16.57.55-45x60.jpeg 45w, https:\/\/arpeloficial.com.br\/wp-content\/uploads\/2023\/05\/WhatsApp-Image-2023-05-10-at-16.57.55.jpeg 960w\" sizes=\"auto, (max-width: 768px) 100vw, 768px\" \/><\/figure>\n\n\n\n<figure class=\"wp-block-image size-large\"><img loading=\"lazy\" decoding=\"async\" width=\"768\" height=\"1024\" src=\"https:\/\/arpeloficial.com.br\/wp-content\/uploads\/2023\/05\/WhatsApp-Image-2023-05-10-at-16.57.56-768x1024.jpeg\" alt=\"\" class=\"wp-image-1605\" srcset=\"https:\/\/arpeloficial.com.br\/wp-content\/uploads\/2023\/05\/WhatsApp-Image-2023-05-10-at-16.57.56-768x1024.jpeg 768w, https:\/\/arpeloficial.com.br\/wp-content\/uploads\/2023\/05\/WhatsApp-Image-2023-05-10-at-16.57.56-225x300.jpeg 225w, https:\/\/arpeloficial.com.br\/wp-content\/uploads\/2023\/05\/WhatsApp-Image-2023-05-10-at-16.57.56-45x60.jpeg 45w, https:\/\/arpeloficial.com.br\/wp-content\/uploads\/2023\/05\/WhatsApp-Image-2023-05-10-at-16.57.56.jpeg 960w\" sizes=\"auto, (max-width: 768px) 100vw, 768px\" \/><\/figure>\n\n\n\n<p><strong>Moletom + chinelo de pel\u00facia = viagem com a fam\u00edlia<\/strong><\/p>\n\n\n\n<figure class=\"wp-block-image size-large\"><img loading=\"lazy\" decoding=\"async\" width=\"768\" height=\"1024\" src=\"https:\/\/arpeloficial.com.br\/wp-content\/uploads\/2023\/05\/WhatsApp-Image-2023-05-10-at-17.08.41-768x1024.jpeg\" alt=\"\" class=\"wp-image-1606\" srcset=\"https:\/\/arpeloficial.com.br\/wp-content\/uploads\/2023\/05\/WhatsApp-Image-2023-05-10-at-17.08.41-768x1024.jpeg 768w, https:\/\/arpeloficial.com.br\/wp-content\/uploads\/2023\/05\/WhatsApp-Image-2023-05-10-at-17.08.41-225x300.jpeg 225w, https:\/\/arpeloficial.com.br\/wp-content\/uploads\/2023\/05\/WhatsApp-Image-2023-05-10-at-17.08.41-1152x1536.jpeg 1152w, https:\/\/arpeloficial.com.br\/wp-content\/uploads\/2023\/05\/WhatsApp-Image-2023-05-10-at-17.08.41-45x60.jpeg 45w, https:\/\/arpeloficial.com.br\/wp-content\/uploads\/2023\/05\/WhatsApp-Image-2023-05-10-at-17.08.41.jpeg 1200w\" sizes=\"auto, (max-width: 768px) 100vw, 768px\" \/><\/figure>\n\n\n\n<figure class=\"wp-block-image size-large is-resized\"><img loading=\"lazy\" decoding=\"async\" src=\"https:\/\/arpeloficial.com.br\/wp-content\/uploads\/2023\/05\/WhatsApp-Image-2023-05-10-at-17.08.38-768x1024.jpeg\" alt=\"\" class=\"wp-image-1607\" width=\"768\" height=\"1024\" srcset=\"https:\/\/arpeloficial.com.br\/wp-content\/uploads\/2023\/05\/WhatsApp-Image-2023-05-10-at-17.08.38-768x1024.jpeg 768w, https:\/\/arpeloficial.com.br\/wp-content\/uploads\/2023\/05\/WhatsApp-Image-2023-05-10-at-17.08.38-225x300.jpeg 225w, https:\/\/arpeloficial.com.br\/wp-content\/uploads\/2023\/05\/WhatsApp-Image-2023-05-10-at-17.08.38-1152x1536.jpeg 1152w, https:\/\/arpeloficial.com.br\/wp-content\/uploads\/2023\/05\/WhatsApp-Image-2023-05-10-at-17.08.38-45x60.jpeg 45w, https:\/\/arpeloficial.com.br\/wp-content\/uploads\/2023\/05\/WhatsApp-Image-2023-05-10-at-17.08.38.jpeg 1200w\" sizes=\"auto, (max-width: 768px) 100vw, 768px\" \/><\/figure>\n\n\n\n<figure class=\"wp-block-image size-large\"><img loading=\"lazy\" decoding=\"async\" width=\"1024\" height=\"1024\" src=\"https:\/\/arpeloficial.com.br\/wp-content\/uploads\/2023\/05\/cardigan-bege-11-1024x1024.png\" alt=\"\" class=\"wp-image-1613\" srcset=\"https:\/\/arpeloficial.com.br\/wp-content\/uploads\/2023\/05\/cardigan-bege-11-1024x1024.png 1024w, https:\/\/arpeloficial.com.br\/wp-content\/uploads\/2023\/05\/cardigan-bege-11-300x300.png 300w, https:\/\/arpeloficial.com.br\/wp-content\/uploads\/2023\/05\/cardigan-bege-11-150x150.png 150w, https:\/\/arpeloficial.com.br\/wp-content\/uploads\/2023\/05\/cardigan-bege-11-768x768.png 768w, https:\/\/arpeloficial.com.br\/wp-content\/uploads\/2023\/05\/cardigan-bege-11-60x60.png 60w, https:\/\/arpeloficial.com.br\/wp-content\/uploads\/2023\/05\/cardigan-bege-11.png 1080w\" sizes=\"auto, (max-width: 1024px) 100vw, 1024px\" \/><\/figure>\n\n\n\n<p><strong>Conjunto camisa + cal\u00e7a cargo + loufer &nbsp;verde = pronta pro office<\/strong><\/p>\n\n\n\n<figure class=\"wp-block-image size-large is-resized\"><img loading=\"lazy\" decoding=\"async\" src=\"https:\/\/arpeloficial.com.br\/wp-content\/uploads\/2023\/05\/WhatsApp-Image-2023-05-10-at-17.09.50-768x1024.jpeg\" alt=\"\" class=\"wp-image-1608\" width=\"768\" height=\"1024\" srcset=\"https:\/\/arpeloficial.com.br\/wp-content\/uploads\/2023\/05\/WhatsApp-Image-2023-05-10-at-17.09.50-768x1024.jpeg 768w, https:\/\/arpeloficial.com.br\/wp-content\/uploads\/2023\/05\/WhatsApp-Image-2023-05-10-at-17.09.50-225x300.jpeg 225w, https:\/\/arpeloficial.com.br\/wp-content\/uploads\/2023\/05\/WhatsApp-Image-2023-05-10-at-17.09.50-1152x1536.jpeg 1152w, https:\/\/arpeloficial.com.br\/wp-content\/uploads\/2023\/05\/WhatsApp-Image-2023-05-10-at-17.09.50-45x60.jpeg 45w, https:\/\/arpeloficial.com.br\/wp-content\/uploads\/2023\/05\/WhatsApp-Image-2023-05-10-at-17.09.50.jpeg 1200w\" sizes=\"auto, (max-width: 768px) 100vw, 768px\" \/><\/figure>\n\n\n\n<figure class=\"wp-block-image size-large\"><img loading=\"lazy\" decoding=\"async\" width=\"768\" height=\"1024\" src=\"https:\/\/arpeloficial.com.br\/wp-content\/uploads\/2023\/05\/WhatsApp-Image-2023-05-10-at-16.57.53-768x1024.jpeg\" alt=\"\" class=\"wp-image-1609\" srcset=\"https:\/\/arpeloficial.com.br\/wp-content\/uploads\/2023\/05\/WhatsApp-Image-2023-05-10-at-16.57.53-768x1024.jpeg 768w, https:\/\/arpeloficial.com.br\/wp-content\/uploads\/2023\/05\/WhatsApp-Image-2023-05-10-at-16.57.53-225x300.jpeg 225w, https:\/\/arpeloficial.com.br\/wp-content\/uploads\/2023\/05\/WhatsApp-Image-2023-05-10-at-16.57.53-45x60.jpeg 45w, https:\/\/arpeloficial.com.br\/wp-content\/uploads\/2023\/05\/WhatsApp-Image-2023-05-10-at-16.57.53.jpeg 960w\" sizes=\"auto, (max-width: 768px) 100vw, 768px\" \/><\/figure>\n\n\n\n<figure class=\"wp-block-image size-large\"><img loading=\"lazy\" decoding=\"async\" width=\"768\" height=\"1024\" src=\"https:\/\/arpeloficial.com.br\/wp-content\/uploads\/2023\/05\/89F1C585-CFD7-48AD-9843-89B37603D58C-768x1024.jpg\" alt=\"\" class=\"wp-image-1618\" srcset=\"https:\/\/arpeloficial.com.br\/wp-content\/uploads\/2023\/05\/89F1C585-CFD7-48AD-9843-89B37603D58C-768x1024.jpg 768w, https:\/\/arpeloficial.com.br\/wp-content\/uploads\/2023\/05\/89F1C585-CFD7-48AD-9843-89B37603D58C-225x300.jpg 225w, https:\/\/arpeloficial.com.br\/wp-content\/uploads\/2023\/05\/89F1C585-CFD7-48AD-9843-89B37603D58C-1152x1536.jpg 1152w, https:\/\/arpeloficial.com.br\/wp-content\/uploads\/2023\/05\/89F1C585-CFD7-48AD-9843-89B37603D58C-1536x2048.jpg 1536w, https:\/\/arpeloficial.com.br\/wp-content\/uploads\/2023\/05\/89F1C585-CFD7-48AD-9843-89B37603D58C-45x60.jpg 45w, https:\/\/arpeloficial.com.br\/wp-content\/uploads\/2023\/05\/89F1C585-CFD7-48AD-9843-89B37603D58C-scaled.jpg 1920w\" sizes=\"auto, (max-width: 768px) 100vw, 768px\" \/><\/figure>\n\n\n\n<p><strong>Cal\u00e7a linho e camisa linho + mocassim tricolor = almo\u00e7o de domingo<\/strong><\/p>\n\n\n\n<figure class=\"wp-block-image size-large\"><img loading=\"lazy\" decoding=\"async\" width=\"768\" height=\"1024\" src=\"https:\/\/arpeloficial.com.br\/wp-content\/uploads\/2023\/05\/WhatsApp-Image-2023-05-10-at-16.58.00-768x1024.jpeg\" alt=\"\" class=\"wp-image-1610\" srcset=\"https:\/\/arpeloficial.com.br\/wp-content\/uploads\/2023\/05\/WhatsApp-Image-2023-05-10-at-16.58.00-768x1024.jpeg 768w, https:\/\/arpeloficial.com.br\/wp-content\/uploads\/2023\/05\/WhatsApp-Image-2023-05-10-at-16.58.00-225x300.jpeg 225w, https:\/\/arpeloficial.com.br\/wp-content\/uploads\/2023\/05\/WhatsApp-Image-2023-05-10-at-16.58.00-45x60.jpeg 45w, https:\/\/arpeloficial.com.br\/wp-content\/uploads\/2023\/05\/WhatsApp-Image-2023-05-10-at-16.58.00.jpeg 960w\" sizes=\"auto, (max-width: 768px) 100vw, 768px\" \/><\/figure>\n\n\n\n<figure class=\"wp-block-image size-large\"><img loading=\"lazy\" decoding=\"async\" width=\"768\" height=\"1024\" src=\"https:\/\/arpeloficial.com.br\/wp-content\/uploads\/2023\/05\/WhatsApp-Image-2023-05-10-at-16.57.50-768x1024.jpeg\" alt=\"\" class=\"wp-image-1611\" srcset=\"https:\/\/arpeloficial.com.br\/wp-content\/uploads\/2023\/05\/WhatsApp-Image-2023-05-10-at-16.57.50-768x1024.jpeg 768w, https:\/\/arpeloficial.com.br\/wp-content\/uploads\/2023\/05\/WhatsApp-Image-2023-05-10-at-16.57.50-225x300.jpeg 225w, https:\/\/arpeloficial.com.br\/wp-content\/uploads\/2023\/05\/WhatsApp-Image-2023-05-10-at-16.57.50-45x60.jpeg 45w, https:\/\/arpeloficial.com.br\/wp-content\/uploads\/2023\/05\/WhatsApp-Image-2023-05-10-at-16.57.50.jpeg 960w\" sizes=\"auto, (max-width: 768px) 100vw, 768px\" \/><\/figure>\n\n\n\n<figure class=\"wp-block-image size-large\"><img loading=\"lazy\" decoding=\"async\" width=\"768\" height=\"1024\" src=\"https:\/\/arpeloficial.com.br\/wp-content\/uploads\/2023\/05\/WhatsApp-Image-2023-05-10-at-17.18.32-1-768x1024.jpeg\" alt=\"\" class=\"wp-image-1617\" srcset=\"https:\/\/arpeloficial.com.br\/wp-content\/uploads\/2023\/05\/WhatsApp-Image-2023-05-10-at-17.18.32-1-768x1024.jpeg 768w, https:\/\/arpeloficial.com.br\/wp-content\/uploads\/2023\/05\/WhatsApp-Image-2023-05-10-at-17.18.32-1-225x300.jpeg 225w, https:\/\/arpeloficial.com.br\/wp-content\/uploads\/2023\/05\/WhatsApp-Image-2023-05-10-at-17.18.32-1-1152x1536.jpeg 1152w, https:\/\/arpeloficial.com.br\/wp-content\/uploads\/2023\/05\/WhatsApp-Image-2023-05-10-at-17.18.32-1-45x60.jpeg 45w, https:\/\/arpeloficial.com.br\/wp-content\/uploads\/2023\/05\/WhatsApp-Image-2023-05-10-at-17.18.32-1.jpeg 1200w\" sizes=\"auto, (max-width: 768px) 100vw, 768px\" \/><\/figure>\n\n\n\n<figure class=\"wp-block-image size-large\"><img loading=\"lazy\" decoding=\"async\" width=\"724\" height=\"1024\" src=\"https:\/\/arpeloficial.com.br\/wp-content\/uploads\/2023\/04\/8-724x1024.png\" alt=\"\" class=\"wp-image-1589\" srcset=\"https:\/\/arpeloficial.com.br\/wp-content\/uploads\/2023\/04\/8-724x1024.png 724w, https:\/\/arpeloficial.com.br\/wp-content\/uploads\/2023\/04\/8-212x300.png 212w, https:\/\/arpeloficial.com.br\/wp-content\/uploads\/2023\/04\/8-768x1086.png 768w, https:\/\/arpeloficial.com.br\/wp-content\/uploads\/2023\/04\/8-1086x1536.png 1086w, https:\/\/arpeloficial.com.br\/wp-content\/uploads\/2023\/04\/8-1448x2048.png 1448w, https:\/\/arpeloficial.com.br\/wp-content\/uploads\/2023\/04\/8-42x60.png 42w, https:\/\/arpeloficial.com.br\/wp-content\/uploads\/2023\/04\/8.png 1768w\" sizes=\"auto, (max-width: 724px) 100vw, 724px\" \/><\/figure>\n","protected":false},"excerpt":{"rendered":"<p>Carreira profissional turbinada, fam\u00edlia em foco e valoriza\u00e7\u00e3o do lazer, s\u00e3o essas as principais atividades que dividem os interesses da mulher brasileira nos dias atuais &hellip; <\/p>\n","protected":false},"author":2,"featured_media":1607,"comment_status":"open","ping_status":"open","sticky":false,"template":"","format":"standard","meta":{"footnotes":""},"categories":[44,43,111],"tags":[22,25,329,7,8,14,15],"class_list":["post-1599","post","type-post","status-publish","format-standard","has-post-thumbnail","hentry","category-dicas","category-moda-arpel","category-mulheres","tag-arpel","tag-arpel-select","tag-dia-das-maes","tag-moda","tag-moda-feminina","tag-roupa","tag-roupa-feminina"],"_links":{"self":[{"href":"https:\/\/arpeloficial.com.br\/index.php\/wp-json\/wp\/v2\/posts\/1599","targetHints":{"allow":["GET"]}}],"collection":[{"href":"https:\/\/arpeloficial.com.br\/index.php\/wp-json\/wp\/v2\/posts"}],"about":[{"href":"https:\/\/arpeloficial.com.br\/index.php\/wp-json\/wp\/v2\/types\/post"}],"author":[{"embeddable":true,"href":"https:\/\/arpeloficial.com.br\/index.php\/wp-json\/wp\/v2\/users\/2"}],"replies":[{"embeddable":true,"href":"https:\/\/arpeloficial.com.br\/index.php\/wp-json\/wp\/v2\/comments?post=1599"}],"version-history":[{"count":5,"href":"https:\/\/arpeloficial.com.br\/index.php\/wp-json\/wp\/v2\/posts\/1599\/revisions"}],"predecessor-version":[{"id":1620,"href":"https:\/\/arpeloficial.com.br\/index.php\/wp-json\/wp\/v2\/posts\/1599\/revisions\/1620"}],"wp:featuredmedia":[{"embeddable":true,"href":"https:\/\/arpeloficial.com.br\/index.php\/wp-json\/wp\/v2\/media\/1607"}],"wp:attachment":[{"href":"https:\/\/arpeloficial.com.br\/index.php\/wp-json\/wp\/v2\/media?parent=1599"}],"wp:term":[{"taxonomy":"category","embeddable":true,"href":"https:\/\/arpeloficial.com.br\/index.php\/wp-json\/wp\/v2\/categories?post=1599"},{"taxonomy":"post_tag","embeddable":true,"href":"https:\/\/arpeloficial.com.br\/index.php\/wp-json\/wp\/v2\/tags?post=1599"}],"curies":[{"name":"wp","href":"https:\/\/api.w.org\/{rel}","templated":true}]}}