{"id":1782,"date":"2023-07-12T17:20:52","date_gmt":"2023-07-12T20:20:52","guid":{"rendered":"https:\/\/arpeloficial.com.br\/?p=1782"},"modified":"2023-07-12T17:20:56","modified_gmt":"2023-07-12T20:20:56","slug":"1782","status":"publish","type":"post","link":"https:\/\/arpeloficial.com.br\/index.php\/2023\/07\/12\/1782\/","title":{"rendered":""},"content":{"rendered":"\n<p>Pe\u00e7a indispens\u00e1vel no arm\u00e1rio feminino, a cal\u00e7a jeans \u00e9 um item casual que nunca sai de moda,<\/p>\n\n\n\n<p>Sabe por que? Indiscutivelmente \u00e9 o produto mais democr\u00e1tico do vestu\u00e1rio feminino. T\u00e1 no \u201cmanual b\u00e1sico, imagin\u00e1rio\u201d de toda mulher. Com um \u00fanico jeans voc\u00ea cria v\u00e1rias propostas.<\/p>\n\n\n\n<p>Voc\u00ea j\u00e1 ficou na frente do arm\u00e1rio sem saber o que vestir, e depois decide pegar o seu jeans favorito, uma T-shirt e um blazer por cima? Pois \u00e9, essa \u00e9 uma f\u00f3rmula equilibrada que funciona para quase todas as mulheres que s\u00e3o amantes do jeans.<\/p>\n\n\n\n<p>Pensando nisso, a cada esta\u00e7\u00e3o, o mercado do jeans vem desenvolvendo tecidos inteligentes que associam funcionalidade, bem-estar e conforto, dando origem a diferentes modelagens que se adaptam perfeitamente ao corpo da mulher brasileira.<\/p>\n\n\n\n<p>Por esse e por outros motivos h\u00e1 mulheres que n\u00e3o abrem m\u00e3o do jeans. E hoje vamos apresentar 4 looks poss\u00edveis com jeans para qualquer idade. Vem comigo que vou te mostrar o que a Arpel preparou especialmente para voc\u00ea.<\/p>\n\n\n\n<p>Ficou curiosa? Vem comigo.<\/p>\n\n\n\n<p>Escolhi 4 modelos que acabaram de chegar, uma skiny, uma pantacourt, a reta e uma boot cut, e fiz propostas muito f\u00e1ceis de usar. \u00a0\u00a0<\/p>\n\n\n\n<p><strong>Logomania<\/strong><\/p>\n\n\n\n<p>O jeans com a camisa Dudalina \u00e9 a produ\u00e7\u00e3o certa para quem gosta da tend\u00eancia logomania. Essa dupla pode ser a mais atemporal e confort\u00e1vel que voc\u00ea vai ter em todas as esta\u00e7\u00f5es.<\/p>\n\n\n\n<figure class=\"wp-block-image size-large\"><img loading=\"lazy\" decoding=\"async\" width=\"768\" height=\"1024\" src=\"https:\/\/arpeloficial.com.br\/wp-content\/uploads\/2023\/07\/WhatsApp-Image-2023-07-12-at-15.23.12-3-768x1024.jpeg\" alt=\"\" class=\"wp-image-1785\" srcset=\"https:\/\/arpeloficial.com.br\/wp-content\/uploads\/2023\/07\/WhatsApp-Image-2023-07-12-at-15.23.12-3-768x1024.jpeg 768w, https:\/\/arpeloficial.com.br\/wp-content\/uploads\/2023\/07\/WhatsApp-Image-2023-07-12-at-15.23.12-3-225x300.jpeg 225w, https:\/\/arpeloficial.com.br\/wp-content\/uploads\/2023\/07\/WhatsApp-Image-2023-07-12-at-15.23.12-3-1152x1536.jpeg 1152w, https:\/\/arpeloficial.com.br\/wp-content\/uploads\/2023\/07\/WhatsApp-Image-2023-07-12-at-15.23.12-3-45x60.jpeg 45w, https:\/\/arpeloficial.com.br\/wp-content\/uploads\/2023\/07\/WhatsApp-Image-2023-07-12-at-15.23.12-3.jpeg 1200w\" sizes=\"auto, (max-width: 768px) 100vw, 768px\" \/><\/figure>\n\n\n\n<figure class=\"wp-block-image size-large\"><img loading=\"lazy\" decoding=\"async\" width=\"768\" height=\"1024\" src=\"https:\/\/arpeloficial.com.br\/wp-content\/uploads\/2023\/07\/WhatsApp-Image-2023-07-12-at-15.23.13-768x1024.jpeg\" alt=\"\" class=\"wp-image-1784\" srcset=\"https:\/\/arpeloficial.com.br\/wp-content\/uploads\/2023\/07\/WhatsApp-Image-2023-07-12-at-15.23.13-768x1024.jpeg 768w, https:\/\/arpeloficial.com.br\/wp-content\/uploads\/2023\/07\/WhatsApp-Image-2023-07-12-at-15.23.13-225x300.jpeg 225w, https:\/\/arpeloficial.com.br\/wp-content\/uploads\/2023\/07\/WhatsApp-Image-2023-07-12-at-15.23.13-1152x1536.jpeg 1152w, https:\/\/arpeloficial.com.br\/wp-content\/uploads\/2023\/07\/WhatsApp-Image-2023-07-12-at-15.23.13-45x60.jpeg 45w, https:\/\/arpeloficial.com.br\/wp-content\/uploads\/2023\/07\/WhatsApp-Image-2023-07-12-at-15.23.13.jpeg 1200w\" sizes=\"auto, (max-width: 768px) 100vw, 768px\" \/><\/figure>\n\n\n\n<p><strong>Casual sexy<\/strong><\/p>\n\n\n\n<p>Essa \u00e9 uma pegada que s\u00f3 o jeans \u00e9 capaz. Uma camisa ou uma jaqueta de couro com a cal\u00e7a jeans wide leg \u00e9 uma escolha que n\u00e3o tem erro.<\/p>\n\n\n\n<figure class=\"wp-block-image size-large\"><img loading=\"lazy\" decoding=\"async\" width=\"683\" height=\"1024\" src=\"https:\/\/arpeloficial.com.br\/wp-content\/uploads\/2023\/07\/Patel-Minimalist-Flower-Magazine-Blog-Pinterest-Pin-7-683x1024.png\" alt=\"\" class=\"wp-image-1786\" srcset=\"https:\/\/arpeloficial.com.br\/wp-content\/uploads\/2023\/07\/Patel-Minimalist-Flower-Magazine-Blog-Pinterest-Pin-7-683x1024.png 683w, https:\/\/arpeloficial.com.br\/wp-content\/uploads\/2023\/07\/Patel-Minimalist-Flower-Magazine-Blog-Pinterest-Pin-7-200x300.png 200w, https:\/\/arpeloficial.com.br\/wp-content\/uploads\/2023\/07\/Patel-Minimalist-Flower-Magazine-Blog-Pinterest-Pin-7-768x1152.png 768w, https:\/\/arpeloficial.com.br\/wp-content\/uploads\/2023\/07\/Patel-Minimalist-Flower-Magazine-Blog-Pinterest-Pin-7-40x60.png 40w, https:\/\/arpeloficial.com.br\/wp-content\/uploads\/2023\/07\/Patel-Minimalist-Flower-Magazine-Blog-Pinterest-Pin-7.png 1000w\" sizes=\"auto, (max-width: 683px) 100vw, 683px\" \/><\/figure>\n\n\n\n<figure class=\"wp-block-image size-large\"><img loading=\"lazy\" decoding=\"async\" width=\"768\" height=\"1024\" src=\"https:\/\/arpeloficial.com.br\/wp-content\/uploads\/2023\/07\/WhatsApp-Image-2023-07-12-at-15.08.24-768x1024.jpeg\" alt=\"\" class=\"wp-image-1787\" srcset=\"https:\/\/arpeloficial.com.br\/wp-content\/uploads\/2023\/07\/WhatsApp-Image-2023-07-12-at-15.08.24-768x1024.jpeg 768w, https:\/\/arpeloficial.com.br\/wp-content\/uploads\/2023\/07\/WhatsApp-Image-2023-07-12-at-15.08.24-225x300.jpeg 225w, https:\/\/arpeloficial.com.br\/wp-content\/uploads\/2023\/07\/WhatsApp-Image-2023-07-12-at-15.08.24-1152x1536.jpeg 1152w, https:\/\/arpeloficial.com.br\/wp-content\/uploads\/2023\/07\/WhatsApp-Image-2023-07-12-at-15.08.24-45x60.jpeg 45w, https:\/\/arpeloficial.com.br\/wp-content\/uploads\/2023\/07\/WhatsApp-Image-2023-07-12-at-15.08.24.jpeg 1200w\" sizes=\"auto, (max-width: 768px) 100vw, 768px\" \/><\/figure>\n\n\n\n<p><strong>Sofisticada<\/strong><\/p>\n\n\n\n<p>Tudo \u00e9 uma quest\u00e3o de fazer a combina\u00e7\u00e3o com inten\u00e7\u00e3o, e claro, um pouco de imagina\u00e7\u00e3o. Um look sofisticado com jeans pede necessariamente um salto alto e bons complementos para transmitir um ar de requinte. A lavagem escura da cal\u00e7a favorece esse mood. Aliada \u00e0 modelagem skiny, um casaco como sobreposi\u00e7\u00e3o e colares ou correntes.<\/p>\n\n\n\n<figure class=\"wp-block-image size-large\"><img loading=\"lazy\" decoding=\"async\" width=\"768\" height=\"1024\" src=\"https:\/\/arpeloficial.com.br\/wp-content\/uploads\/2023\/07\/WhatsApp-Image-2023-07-12-at-15.23.08-3-768x1024.jpeg\" alt=\"\" class=\"wp-image-1788\" srcset=\"https:\/\/arpeloficial.com.br\/wp-content\/uploads\/2023\/07\/WhatsApp-Image-2023-07-12-at-15.23.08-3-768x1024.jpeg 768w, https:\/\/arpeloficial.com.br\/wp-content\/uploads\/2023\/07\/WhatsApp-Image-2023-07-12-at-15.23.08-3-225x300.jpeg 225w, https:\/\/arpeloficial.com.br\/wp-content\/uploads\/2023\/07\/WhatsApp-Image-2023-07-12-at-15.23.08-3-1152x1536.jpeg 1152w, https:\/\/arpeloficial.com.br\/wp-content\/uploads\/2023\/07\/WhatsApp-Image-2023-07-12-at-15.23.08-3-45x60.jpeg 45w, https:\/\/arpeloficial.com.br\/wp-content\/uploads\/2023\/07\/WhatsApp-Image-2023-07-12-at-15.23.08-3.jpeg 1200w\" sizes=\"auto, (max-width: 768px) 100vw, 768px\" \/><\/figure>\n\n\n\n<figure class=\"wp-block-image size-large\"><img loading=\"lazy\" decoding=\"async\" width=\"768\" height=\"1024\" src=\"https:\/\/arpeloficial.com.br\/wp-content\/uploads\/2023\/07\/WhatsApp-Image-2023-07-12-at-15.23.10-768x1024.jpeg\" alt=\"\" class=\"wp-image-1789\" srcset=\"https:\/\/arpeloficial.com.br\/wp-content\/uploads\/2023\/07\/WhatsApp-Image-2023-07-12-at-15.23.10-768x1024.jpeg 768w, https:\/\/arpeloficial.com.br\/wp-content\/uploads\/2023\/07\/WhatsApp-Image-2023-07-12-at-15.23.10-225x300.jpeg 225w, https:\/\/arpeloficial.com.br\/wp-content\/uploads\/2023\/07\/WhatsApp-Image-2023-07-12-at-15.23.10-1152x1536.jpeg 1152w, https:\/\/arpeloficial.com.br\/wp-content\/uploads\/2023\/07\/WhatsApp-Image-2023-07-12-at-15.23.10-45x60.jpeg 45w, https:\/\/arpeloficial.com.br\/wp-content\/uploads\/2023\/07\/WhatsApp-Image-2023-07-12-at-15.23.10.jpeg 1200w\" sizes=\"auto, (max-width: 768px) 100vw, 768px\" \/><\/figure>\n\n\n\n<p><strong>Corporativa<\/strong><\/p>\n\n\n\n<p>PPara uma reuni\u00e3o de neg\u00f3cios com os players estrangeiros, combinamos o jeans com o cardigan em uma modelagem tweed e claro, uma camisa de gola branca. Esse simples detalhe transmite distin\u00e7\u00e3o e a cor d\u00e1 uma pitada de humor.<\/p>\n\n\n\n<figure class=\"wp-block-image size-large\"><img loading=\"lazy\" decoding=\"async\" width=\"683\" height=\"1024\" src=\"https:\/\/arpeloficial.com.br\/wp-content\/uploads\/2023\/07\/Patel-Minimalist-Flower-Magazine-Blog-Pinterest-Pin-8-683x1024.png\" alt=\"\" class=\"wp-image-1790\" srcset=\"https:\/\/arpeloficial.com.br\/wp-content\/uploads\/2023\/07\/Patel-Minimalist-Flower-Magazine-Blog-Pinterest-Pin-8-683x1024.png 683w, https:\/\/arpeloficial.com.br\/wp-content\/uploads\/2023\/07\/Patel-Minimalist-Flower-Magazine-Blog-Pinterest-Pin-8-200x300.png 200w, https:\/\/arpeloficial.com.br\/wp-content\/uploads\/2023\/07\/Patel-Minimalist-Flower-Magazine-Blog-Pinterest-Pin-8-768x1152.png 768w, https:\/\/arpeloficial.com.br\/wp-content\/uploads\/2023\/07\/Patel-Minimalist-Flower-Magazine-Blog-Pinterest-Pin-8-40x60.png 40w, https:\/\/arpeloficial.com.br\/wp-content\/uploads\/2023\/07\/Patel-Minimalist-Flower-Magazine-Blog-Pinterest-Pin-8.png 1000w\" sizes=\"auto, (max-width: 683px) 100vw, 683px\" \/><\/figure>\n\n\n\n<figure class=\"wp-block-image size-large\"><img loading=\"lazy\" decoding=\"async\" width=\"768\" height=\"1024\" src=\"https:\/\/arpeloficial.com.br\/wp-content\/uploads\/2023\/07\/WhatsApp-Image-2023-07-12-at-15.23.11-2-768x1024.jpeg\" alt=\"\" class=\"wp-image-1791\" srcset=\"https:\/\/arpeloficial.com.br\/wp-content\/uploads\/2023\/07\/WhatsApp-Image-2023-07-12-at-15.23.11-2-768x1024.jpeg 768w, https:\/\/arpeloficial.com.br\/wp-content\/uploads\/2023\/07\/WhatsApp-Image-2023-07-12-at-15.23.11-2-225x300.jpeg 225w, https:\/\/arpeloficial.com.br\/wp-content\/uploads\/2023\/07\/WhatsApp-Image-2023-07-12-at-15.23.11-2-1152x1536.jpeg 1152w, https:\/\/arpeloficial.com.br\/wp-content\/uploads\/2023\/07\/WhatsApp-Image-2023-07-12-at-15.23.11-2-45x60.jpeg 45w, https:\/\/arpeloficial.com.br\/wp-content\/uploads\/2023\/07\/WhatsApp-Image-2023-07-12-at-15.23.11-2.jpeg 1200w\" sizes=\"auto, (max-width: 768px) 100vw, 768px\" \/><\/figure>\n\n\n\n<p>Viu como o jeans consegue frequentar diversas ocasi\u00f5es? O que voc\u00ea achou desse post? Compartilha com aquela amiga que ama jeans!<\/p>\n\n\n\n<p>Semana que vem estamos aqui com mais novidades pra voc\u00ea. Para consular sobre moda a hora que quiser, segue a Arpel no @arpeoficial. Postamos conte\u00fado de valor todos os dias, sempre pensando em voc\u00ea.<\/p>\n\n\n\n<figure class=\"wp-block-image size-large\"><img loading=\"lazy\" decoding=\"async\" width=\"724\" height=\"1024\" src=\"https:\/\/arpeloficial.com.br\/wp-content\/uploads\/2023\/04\/8-724x1024.png\" alt=\"\" class=\"wp-image-1589\" srcset=\"https:\/\/arpeloficial.com.br\/wp-content\/uploads\/2023\/04\/8-724x1024.png 724w, https:\/\/arpeloficial.com.br\/wp-content\/uploads\/2023\/04\/8-212x300.png 212w, https:\/\/arpeloficial.com.br\/wp-content\/uploads\/2023\/04\/8-768x1086.png 768w, https:\/\/arpeloficial.com.br\/wp-content\/uploads\/2023\/04\/8-1086x1536.png 1086w, https:\/\/arpeloficial.com.br\/wp-content\/uploads\/2023\/04\/8-1448x2048.png 1448w, https:\/\/arpeloficial.com.br\/wp-content\/uploads\/2023\/04\/8-42x60.png 42w, https:\/\/arpeloficial.com.br\/wp-content\/uploads\/2023\/04\/8.png 1768w\" sizes=\"auto, (max-width: 724px) 100vw, 724px\" \/><\/figure>\n","protected":false},"excerpt":{"rendered":"<p>Pe\u00e7a indispens\u00e1vel no arm\u00e1rio feminino, a cal\u00e7a jeans \u00e9 um item casual que nunca sai de moda, Sabe por que? Indiscutivelmente \u00e9 o produto mais &hellip; <\/p>\n","protected":false},"author":2,"featured_media":1783,"comment_status":"open","ping_status":"open","sticky":false,"template":"","format":"standard","meta":{"footnotes":""},"categories":[44],"tags":[371,372,373,311,7,8,14,15],"class_list":["post-1782","post","type-post","status-publish","format-standard","has-post-thumbnail","hentry","category-dicas","tag-calca-jeans","tag-calca-jeans-inverno","tag-calca-jeans-no-verao","tag-jeans","tag-moda","tag-moda-feminina","tag-roupa","tag-roupa-feminina"],"_links":{"self":[{"href":"https:\/\/arpeloficial.com.br\/index.php\/wp-json\/wp\/v2\/posts\/1782","targetHints":{"allow":["GET"]}}],"collection":[{"href":"https:\/\/arpeloficial.com.br\/index.php\/wp-json\/wp\/v2\/posts"}],"about":[{"href":"https:\/\/arpeloficial.com.br\/index.php\/wp-json\/wp\/v2\/types\/post"}],"author":[{"embeddable":true,"href":"https:\/\/arpeloficial.com.br\/index.php\/wp-json\/wp\/v2\/users\/2"}],"replies":[{"embeddable":true,"href":"https:\/\/arpeloficial.com.br\/index.php\/wp-json\/wp\/v2\/comments?post=1782"}],"version-history":[{"count":2,"href":"https:\/\/arpeloficial.com.br\/index.php\/wp-json\/wp\/v2\/posts\/1782\/revisions"}],"predecessor-version":[{"id":1793,"href":"https:\/\/arpeloficial.com.br\/index.php\/wp-json\/wp\/v2\/posts\/1782\/revisions\/1793"}],"wp:featuredmedia":[{"embeddable":true,"href":"https:\/\/arpeloficial.com.br\/index.php\/wp-json\/wp\/v2\/media\/1783"}],"wp:attachment":[{"href":"https:\/\/arpeloficial.com.br\/index.php\/wp-json\/wp\/v2\/media?parent=1782"}],"wp:term":[{"taxonomy":"category","embeddable":true,"href":"https:\/\/arpeloficial.com.br\/index.php\/wp-json\/wp\/v2\/categories?post=1782"},{"taxonomy":"post_tag","embeddable":true,"href":"https:\/\/arpeloficial.com.br\/index.php\/wp-json\/wp\/v2\/tags?post=1782"}],"curies":[{"name":"wp","href":"https:\/\/api.w.org\/{rel}","templated":true}]}}