{"id":209,"date":"2021-10-26T16:59:40","date_gmt":"2021-10-26T19:59:40","guid":{"rendered":"https:\/\/arpeloficial.com.br\/?p=209"},"modified":"2021-10-27T10:47:13","modified_gmt":"2021-10-27T13:47:13","slug":"laranja","status":"publish","type":"post","link":"https:\/\/arpeloficial.com.br\/index.php\/2021\/10\/26\/laranja\/","title":{"rendered":"Halloween Chic"},"content":{"rendered":"\n<p>Nos dias atuais sabemos que nem s\u00f3 as crian\u00e7as curtem o Halloween! \ud83c\udf83<\/p>\n\n\n\n<p>Comemorar o dia das Bruxas \ud83e\uddd9\u200d\u2640\ufe0f est\u00e1 se tornando popular entre adultos, que organizam pequenas reuni\u00f5es, se vestem a car\u00e1ter para curtir uma roda de amigos de um jeito diferente. Mas e quem n\u00e3o quer se fantasiar? <\/p>\n\n\n\n<p>\u00c9 por isso que estamos aqui hoje. Trouxemos ideias para te inspirar &#8211; para entrar no clima \u201cHalloween\u201d, com o estilo ArpelPorElas e ArpelSelect, com produ\u00e7\u00f5es que voc\u00ea pode usar depois em qualquer ocasi\u00e3o<\/p>\n\n\n\n<p>\u2705 E voc\u00ea, j\u00e1 tem um evento programado e n\u00e3o sabe o que vestir?<\/p>\n\n\n\n<p>\u2705 N\u00e3o quer gastar dinheiro com fantasia?<\/p>\n\n\n\n<p>\u2705 Pensou em ir com qualquer roupa, pois n\u00e3o est\u00e1 a fim de quebrar a cabe\u00e7a pensando em Halloween?<\/p>\n\n\n\n<p>\u2705 Vai levar as crian\u00e7as numa festa de Halloween e gostaria de entrar no clima com os filhos?<\/p>\n\n\n\n<p>Se voc\u00ea respondeu SIM para qualquer uma dessas perguntas, esse post \u00e9 para voc\u00ea. Continue lendo que temos ideias incr\u00edveis para se produzir em tom de laranja com todo charme Arpel! &nbsp;Vem comigo!<\/p>\n\n\n\n<p><strong>Mas afinal, o que \u00e9 o Halloween?<\/strong><\/p>\n\n\n\n<p>Historiadores acreditam que o Halloween tem origem nas comemora\u00e7\u00f5es que os celtas faziam em homenagem aos seus mortos.<\/p>\n\n\n\n<p>Mas essa festa se tornou popular na cultura norte-americana, com as crian\u00e7as fantasiadas de bruxas e fantasmas, que saem em busca de guloseimas.<\/p>\n\n\n\n<p>Atualmente o Halloween \u00e9 reproduzido em v\u00e1rios pa\u00edses, inclusive no Brasil.<\/p>\n\n\n\n<p><strong>Laranja \u00e9 cor quente!<\/strong><\/p>\n\n\n\n<p>O Laranja \u00e9 uma das cores oficiais do Halloween juntamente com o preto e o roxo, mas, sem d\u00favida \u00e9 a cor que mais est\u00e1 bombando nessa primavera\/ver\u00e3o 2022!<\/p>\n\n\n\n<p>Energia, entusiasmo, alegria, dinamismo e coragem, esses s\u00e3o alguns dos sentimentos que o laranja transmite. Por isso a mulher contempor\u00e2nea, destemida, de todas as idades se identificou tanto com o laranja.<\/p>\n\n\n\n<figure class=\"wp-block-image size-large\"><img loading=\"lazy\" decoding=\"async\" width=\"768\" height=\"1024\" src=\"https:\/\/arpeloficial.com.br\/wp-content\/uploads\/2021\/10\/IMG_5200-_1_-768x1024.png\" alt=\"\" class=\"wp-image-224\" srcset=\"https:\/\/arpeloficial.com.br\/wp-content\/uploads\/2021\/10\/IMG_5200-_1_-768x1024.png 768w, https:\/\/arpeloficial.com.br\/wp-content\/uploads\/2021\/10\/IMG_5200-_1_-225x300.png 225w, https:\/\/arpeloficial.com.br\/wp-content\/uploads\/2021\/10\/IMG_5200-_1_-1152x1536.png 1152w, https:\/\/arpeloficial.com.br\/wp-content\/uploads\/2021\/10\/IMG_5200-_1_-1536x2048.png 1536w, https:\/\/arpeloficial.com.br\/wp-content\/uploads\/2021\/10\/IMG_5200-_1_-45x60.png 45w\" sizes=\"auto, (max-width: 768px) 100vw, 768px\" \/><\/figure>\n\n\n\n<p>Portanto, adicionar a cor no look \u00e9 garantia de dar um <em>up<\/em> na produ\u00e7\u00e3o. No quesito estilo, o laranja tem for\u00e7a para brilhar sozinho ou acompanhado. Isso porque a cor vibrante tem o poder de deixar qualquer pe\u00e7a em evid\u00eancia.<\/p>\n\n\n\n<p>Por ser uma tonalidade geralmente mais acesa, pode surgir certa d\u00favida na hora de combin\u00e1-la com outras cores.<\/p>\n\n\n\n<figure class=\"wp-block-image size-large\"><img loading=\"lazy\" decoding=\"async\" width=\"768\" height=\"1024\" src=\"https:\/\/arpeloficial.com.br\/wp-content\/uploads\/2021\/10\/IMG_5209-768x1024.png\" alt=\"\" class=\"wp-image-220\" srcset=\"https:\/\/arpeloficial.com.br\/wp-content\/uploads\/2021\/10\/IMG_5209-768x1024.png 768w, https:\/\/arpeloficial.com.br\/wp-content\/uploads\/2021\/10\/IMG_5209-225x300.png 225w, https:\/\/arpeloficial.com.br\/wp-content\/uploads\/2021\/10\/IMG_5209-1152x1536.png 1152w, https:\/\/arpeloficial.com.br\/wp-content\/uploads\/2021\/10\/IMG_5209-1536x2048.png 1536w, https:\/\/arpeloficial.com.br\/wp-content\/uploads\/2021\/10\/IMG_5209-45x60.png 45w\" sizes=\"auto, (max-width: 768px) 100vw, 768px\" \/><\/figure>\n\n\n\n<p><strong>Como combinar laranja<\/strong><\/p>\n\n\n\n<p>O laranja \u00e9 uma cor secund\u00e1ria, vindo da mistura do magenta + amarelo.<\/p>\n\n\n\n<p>Das cores prim\u00e1rias, a \u00fanica que n\u00e3o se encontra na composi\u00e7\u00e3o do laranja \u00e9 o azul. Por isso, podemos dizer com toda certeza que o azul em qualquer tom combina perfeitamente com a cor laranja. O amarelo tamb\u00e9m combina com o laranja, afinal ele comp\u00f5e essa cor.<\/p>\n\n\n\n<figure class=\"wp-block-image size-large is-resized\"><img loading=\"lazy\" decoding=\"async\" src=\"https:\/\/arpeloficial.com.br\/wp-content\/uploads\/2021\/10\/chic-2-819x1024.png\" alt=\"\" class=\"wp-image-222\" width=\"766\" height=\"959\" srcset=\"https:\/\/arpeloficial.com.br\/wp-content\/uploads\/2021\/10\/chic-2-819x1024.png 819w, https:\/\/arpeloficial.com.br\/wp-content\/uploads\/2021\/10\/chic-2-240x300.png 240w, https:\/\/arpeloficial.com.br\/wp-content\/uploads\/2021\/10\/chic-2-768x960.png 768w, https:\/\/arpeloficial.com.br\/wp-content\/uploads\/2021\/10\/chic-2-48x60.png 48w, https:\/\/arpeloficial.com.br\/wp-content\/uploads\/2021\/10\/chic-2.png 1080w\" sizes=\"auto, (max-width: 766px) 100vw, 766px\" \/><\/figure>\n\n\n\n<p>Das cores secund\u00e1rias, voc\u00ea pode combinar o laranja perfeitamente com os tons de roxo, violeta e com o vermelho. O verde tamb\u00e9m forma uma combina\u00e7\u00e3o harmoniosa com o laranja, por causa da presen\u00e7a do amarelo no mesmo.<\/p>\n\n\n\n<figure class=\"wp-block-image size-large\"><img loading=\"lazy\" decoding=\"async\" width=\"768\" height=\"1024\" src=\"https:\/\/arpeloficial.com.br\/wp-content\/uploads\/2021\/10\/IMG_3468-1-768x1024.png\" alt=\"\" class=\"wp-image-223\" srcset=\"https:\/\/arpeloficial.com.br\/wp-content\/uploads\/2021\/10\/IMG_3468-1-768x1024.png 768w, https:\/\/arpeloficial.com.br\/wp-content\/uploads\/2021\/10\/IMG_3468-1-225x300.png 225w, https:\/\/arpeloficial.com.br\/wp-content\/uploads\/2021\/10\/IMG_3468-1-1152x1536.png 1152w, https:\/\/arpeloficial.com.br\/wp-content\/uploads\/2021\/10\/IMG_3468-1-1536x2048.png 1536w, https:\/\/arpeloficial.com.br\/wp-content\/uploads\/2021\/10\/IMG_3468-1-45x60.png 45w\" sizes=\"auto, (max-width: 768px) 100vw, 768px\" \/><\/figure>\n\n\n\n<p>\u00c9 hora de se jogar no laranja, estar dentro das tend\u00eancias do momento e se entusiasmar com a cor!<\/p>\n\n\n\n<p>Se inspirou? Quarta-Feira, \u00e0s 20h teremos mais blog post com novas dicas! <\/p>\n\n\n\n<p><strong>At\u00e9 l\u00e1!<\/strong><\/p>\n\n\n\n<p><\/p>\n\n\n\n<h5 class=\"wp-block-heading\">Quer saber como usar acess\u00f3rios ao seu favor?<\/h5>\n\n\n\n<p>\ud83d\udc47 Baixe nosso Ebook Gratu\u00edto e aprenda como escolher e combinar acess\u00f3rios da melhor maneira poss\u00edvel!<\/p>\n\n\n\n<h5 class=\"wp-block-heading\"><a rel=\"noreferrer noopener\" href=\"http:\/\/arpel.rds.land\/e-book-guia-para-combinar-acessorios\" target=\"_blank\"><strong>http:\/\/arpel.rds.land\/e-book-guia-para-combinar-acessorios<\/strong><\/a><\/h5>\n","protected":false},"excerpt":{"rendered":"<p>Nos dias atuais sabemos que nem s\u00f3 as crian\u00e7as curtem o Halloween! \ud83c\udf83 Comemorar o dia das Bruxas \ud83e\uddd9\u200d\u2640\ufe0f est\u00e1 se tornando popular entre adultos, &hellip; <\/p>\n","protected":false},"author":2,"featured_media":215,"comment_status":"open","ping_status":"open","sticky":false,"template":"","format":"standard","meta":{"footnotes":""},"categories":[44,43],"tags":[53,51,50,52,54,12,5,6,7,8,15,9],"class_list":["post-209","post","type-post","status-publish","format-standard","has-post-thumbnail","hentry","category-dicas","category-moda-arpel","tag-diadasbruxas","tag-dicademoda","tag-halloween","tag-laranja","tag-oquevestir","tag-colecao-de-verao-2022","tag-cores-vibrantes","tag-look-de-verao","tag-moda","tag-moda-feminina","tag-roupa-feminina","tag-tons-vibrantes"],"_links":{"self":[{"href":"https:\/\/arpeloficial.com.br\/index.php\/wp-json\/wp\/v2\/posts\/209","targetHints":{"allow":["GET"]}}],"collection":[{"href":"https:\/\/arpeloficial.com.br\/index.php\/wp-json\/wp\/v2\/posts"}],"about":[{"href":"https:\/\/arpeloficial.com.br\/index.php\/wp-json\/wp\/v2\/types\/post"}],"author":[{"embeddable":true,"href":"https:\/\/arpeloficial.com.br\/index.php\/wp-json\/wp\/v2\/users\/2"}],"replies":[{"embeddable":true,"href":"https:\/\/arpeloficial.com.br\/index.php\/wp-json\/wp\/v2\/comments?post=209"}],"version-history":[{"count":9,"href":"https:\/\/arpeloficial.com.br\/index.php\/wp-json\/wp\/v2\/posts\/209\/revisions"}],"predecessor-version":[{"id":238,"href":"https:\/\/arpeloficial.com.br\/index.php\/wp-json\/wp\/v2\/posts\/209\/revisions\/238"}],"wp:featuredmedia":[{"embeddable":true,"href":"https:\/\/arpeloficial.com.br\/index.php\/wp-json\/wp\/v2\/media\/215"}],"wp:attachment":[{"href":"https:\/\/arpeloficial.com.br\/index.php\/wp-json\/wp\/v2\/media?parent=209"}],"wp:term":[{"taxonomy":"category","embeddable":true,"href":"https:\/\/arpeloficial.com.br\/index.php\/wp-json\/wp\/v2\/categories?post=209"},{"taxonomy":"post_tag","embeddable":true,"href":"https:\/\/arpeloficial.com.br\/index.php\/wp-json\/wp\/v2\/tags?post=209"}],"curies":[{"name":"wp","href":"https:\/\/api.w.org\/{rel}","templated":true}]}}