{"id":283,"date":"2021-11-22T17:20:08","date_gmt":"2021-11-22T20:20:08","guid":{"rendered":"https:\/\/arpeloficial.com.br\/?p=283"},"modified":"2021-11-23T14:36:56","modified_gmt":"2021-11-23T17:36:56","slug":"black-friday-voce-quer-gastar-ou-investir","status":"publish","type":"post","link":"https:\/\/arpeloficial.com.br\/index.php\/2021\/11\/22\/black-friday-voce-quer-gastar-ou-investir\/","title":{"rendered":"Black Friday -Voc\u00ea quer gastar ou investir?"},"content":{"rendered":"\n<p>Comprar&nbsp; produtos na Arpel \u00e9 sempre um bom investimento, seja pela qualidade, durabilidade ou por tudo que voc\u00ea vai desfrutar do produto!&nbsp;<\/p>\n\n\n\n<p>Quando falamos em <strong>Black Friday,&nbsp; <\/strong>estamos falando de muito mais vantagens!&nbsp;<\/p>\n\n\n\n<p>A data oficial da <strong>Black Friday <\/strong>\u00e9 na pr\u00f3xima sexta-feira,<strong> dia 26 de Novembro<\/strong>, e a cidade j\u00e1 est\u00e1 preparada com promo\u00e7\u00f5es de descontos exclusivos.&nbsp;<\/p>\n\n\n\n<p>Uma Pesquisa feita pelo Google revelou que 64% dos brasileiros t\u00eam inten\u00e7\u00e3o de comprar na Black Friday de 2021, sendo que 62%&nbsp; desses consumidores, pretendem <strong>investir<\/strong> em pe\u00e7as de <strong>vestu\u00e1rio<\/strong>, contrariando a tradi\u00e7\u00e3o de adquirir eletroeletr\u00f4nicos.<\/p>\n\n\n\n<p>E voc\u00ea, j\u00e1 se programou para Black Friday?&nbsp; Vai deixar tudo para a \u00faltima hora? Ou vai para rua na sexta&nbsp;ver se encontra algum produto que gosta?<\/p>\n\n\n\n<p>Se voc\u00ea nem pensou na <strong>Black Friday<\/strong>, mas quer fazer boas compras, leia as dicas @arpeloficial para voc\u00ea fazer um \u00f3timo investimento em produtos selecionados.<\/p>\n\n\n\n<p>Para aqueles que se organizam com anteced\u00eancia, a Black Friday \u00e9 a oportunidade perfeita para comprar presentes com \u00f3timos pre\u00e7os, <strong>afinal todo ano acabamos trocando alguns presentes, e geralmente a lista fica maior do que a previs\u00e3o.&nbsp;<\/strong><\/p>\n\n\n\n<p><strong>As dicas&nbsp;&nbsp;<\/strong><\/p>\n\n\n\n<ol class=\"wp-block-list\"><li><strong>Lista de presentes&nbsp;<\/strong><\/li><\/ol>\n\n\n\n<p>A Black Friday \u00e9 uma excelente oportunidade para comprar \u00f3timos presentes por um valor abaixo da tabela.<\/p>\n\n\n\n<p>Prepare uma lista com os nomes das pessoas que voc\u00ea quer presentear, e pelo menos uma sugest\u00e3o de presente para cada uma. Essa medida simples vai te orientar a ir direto ao ponto na hora de comprar, evitando arrependimentos;<\/p>\n\n\n\n<ol class=\"wp-block-list\" start=\"2\"><li><strong>Consulte o valor antes<\/strong><\/li><\/ol>\n\n\n\n<p>Consulte o valor dos produtos que voc\u00ea quer antes de entrarem na promo\u00e7\u00e3o, para saber se os descontos est\u00e3o realmente valendo a pena<\/p>\n\n\n\n<ol class=\"wp-block-list\" start=\"3\"><li><strong>Compare pre\u00e7os da loja f\u00edsica com o pre\u00e7o do site + o frete&nbsp;<\/strong><\/li><\/ol>\n\n\n\n<p>Pode ser que o mesmo produto seja mais barato no site;&nbsp;<\/p>\n\n\n\n<ol class=\"wp-block-list\" start=\"4\"><li><strong>Duvide de pre\u00e7os muito abaixo do valor de mercado&nbsp;<\/strong><\/li><\/ol>\n\n\n\n<p>Se a oferta for muito abaixo do valor sem desconto, investigue. Este ano as ofertas da Black Friday podem n\u00e3o ser t\u00e3o baixas quanto em anos anteriores;<\/p>\n\n\n\n<ol class=\"wp-block-list\" start=\"5\"><li><strong>Prazo de entrega<\/strong><\/li><\/ol>\n\n\n\n<p>Se informe quanto ao prazo de entrega do produto, voc\u00ea n\u00e3o vai gostar se o presente de algu\u00e9m n\u00e3o chegar a tempo.<\/p>\n\n\n\n<p><strong>Seguindo estas dicas <\/strong><strong>&nbsp;voc\u00ea economiza, evita compras de \u00faltima hora em lojas lotadas e n\u00e3o&nbsp; corre o risco de ter o produto desejado esgotado.<\/strong><\/p>\n\n\n\n<p><strong>&nbsp;<\/strong>E voc\u00ea, pretende comprar na Black Friday? Essas dicas te ajudaram? Conta pra gente!<\/p>\n\n\n\n<p>Na pr\u00f3xima quarta teremos mais not\u00edcias quentinhas da Black Friday exclusivas para voc\u00ea!<\/p>\n\n\n\n<p><\/p>\n\n\n\n<p>Vai viajar?<\/p>\n\n\n\n<p>Baixe nosso Ebook gratuito sobre viagens para saber o que levar e aprender a fazer sua mala de forma eficiente na sua pr\u00f3xima viagem!<\/p>\n\n\n\n<div class=\"wp-block-buttons is-layout-flex wp-block-buttons-is-layout-flex\">\n<div class=\"wp-block-button\"><a class=\"wp-block-button__link has-black-color has-text-color has-background\" href=\"http:\/\/arpel.rds.land\/e-book-viagens\" style=\"background-color:#efd1d5\" target=\"_blank\" rel=\"noreferrer noopener\">Baixe o Ebook<\/a><\/div>\n<\/div>\n\n\n\n<p>Gostou de alguma pe\u00e7a? Todas est\u00e3o dispon\u00edveis em nossa Loja F\u00edsica e Online. Entre em contato conosco!<\/p>\n\n\n\n<div class=\"wp-block-buttons is-layout-flex wp-block-buttons-is-layout-flex\">\n<div class=\"wp-block-button\"><a class=\"wp-block-button__link has-black-color has-text-color has-background\" href=\"https:\/\/api.whatsapp.com\/send?phone=+5532999081853\" style=\"background-color:#efd1d5\" target=\"_blank\" rel=\"noreferrer noopener\">Acesse o Whatsapp<\/a><\/div>\n<\/div>\n\n\n\n<p><\/p>\n","protected":false},"excerpt":{"rendered":"<p>Comprar&nbsp; produtos na Arpel \u00e9 sempre um bom investimento, seja pela qualidade, durabilidade ou por tudo que voc\u00ea vai desfrutar do produto!&nbsp; Quando falamos em &hellip; <\/p>\n","protected":false},"author":2,"featured_media":284,"comment_status":"open","ping_status":"open","sticky":false,"template":"","format":"standard","meta":{"footnotes":""},"categories":[63,44,43],"tags":[64,12,66,65,6,7,8,14,15],"class_list":["post-283","post","type-post","status-publish","format-standard","has-post-thumbnail","hentry","category-blackfriday","category-dicas","category-moda-arpel","tag-blackfriday","tag-colecao-de-verao-2022","tag-elegancia","tag-investimento","tag-look-de-verao","tag-moda","tag-moda-feminina","tag-roupa","tag-roupa-feminina"],"_links":{"self":[{"href":"https:\/\/arpeloficial.com.br\/index.php\/wp-json\/wp\/v2\/posts\/283","targetHints":{"allow":["GET"]}}],"collection":[{"href":"https:\/\/arpeloficial.com.br\/index.php\/wp-json\/wp\/v2\/posts"}],"about":[{"href":"https:\/\/arpeloficial.com.br\/index.php\/wp-json\/wp\/v2\/types\/post"}],"author":[{"embeddable":true,"href":"https:\/\/arpeloficial.com.br\/index.php\/wp-json\/wp\/v2\/users\/2"}],"replies":[{"embeddable":true,"href":"https:\/\/arpeloficial.com.br\/index.php\/wp-json\/wp\/v2\/comments?post=283"}],"version-history":[{"count":5,"href":"https:\/\/arpeloficial.com.br\/index.php\/wp-json\/wp\/v2\/posts\/283\/revisions"}],"predecessor-version":[{"id":297,"href":"https:\/\/arpeloficial.com.br\/index.php\/wp-json\/wp\/v2\/posts\/283\/revisions\/297"}],"wp:featuredmedia":[{"embeddable":true,"href":"https:\/\/arpeloficial.com.br\/index.php\/wp-json\/wp\/v2\/media\/284"}],"wp:attachment":[{"href":"https:\/\/arpeloficial.com.br\/index.php\/wp-json\/wp\/v2\/media?parent=283"}],"wp:term":[{"taxonomy":"category","embeddable":true,"href":"https:\/\/arpeloficial.com.br\/index.php\/wp-json\/wp\/v2\/categories?post=283"},{"taxonomy":"post_tag","embeddable":true,"href":"https:\/\/arpeloficial.com.br\/index.php\/wp-json\/wp\/v2\/tags?post=283"}],"curies":[{"name":"wp","href":"https:\/\/api.w.org\/{rel}","templated":true}]}}